{"id":242756,"date":"2026-08-31T13:23:16","date_gmt":"2026-08-31T11:23:16","guid":{"rendered":"https:\/\/radiostargjilan.com\/web\/?p=242756"},"modified":"2026-08-31T13:23:16","modified_gmt":"2026-08-31T11:23:16","slug":"arrihet-marreveshja-vv-ldk-per-presidentin","status":"publish","type":"post","link":"https:\/\/radiostargjilan.com\/web\/arrihet-marreveshja-vv-ldk-per-presidentin\/","title":{"rendered":"Arrihet marr\u00ebveshja VV-LDK p\u00ebr presidentin"},"content":{"rendered":"<p>\u00cbsht\u00eb arritur marr\u00ebveshja mes VV-s\u00eb dhe LDK-s\u00eb p\u00ebr t\u00eb parin e shtetit.<\/p>\n<p>Kreu i LDK-s\u00eb, Lumir Abdixhiku, pas p\u00ebrfundimit t\u00eb takimit me kryetrarin e VV-s\u00eb, Albin Kurti, b\u00ebri t\u00eb ditur se jan\u00eb dakorduar p\u00ebr nj\u00eb em\u00ebr p\u00ebr president, Bekim Sejdiu.<\/p>\n","protected":false},"excerpt":{"rendered":"<p>\u00cbsht\u00eb arritur marr\u00ebveshja mes VV-s\u00eb dhe LDK-s\u00eb p\u00ebr t\u00eb parin e shtetit. Kreu i LDK-s\u00eb, Lumir Abdixhiku, pas p\u00ebrfundimit t\u00eb takimit me kryetrarin e VV-s\u00eb, Albin Kurti, b\u00ebri t\u00eb ditur se jan\u00eb dakorduar p\u00ebr nj\u00eb em\u00ebr p\u00ebr president, Bekim Sejdiu.<\/p>\n","protected":false},"author":1,"featured_media":242757,"comment_status":"closed","ping_status":"closed","sticky":false,"template":"","format":"standard","meta":{"footnotes":""},"categories":[5],"tags":[],"tmauthors":[136],"class_list":["post-242756","post","type-post","status-publish","format-standard","has-post-thumbnail","category-lajme"],"_links":{"self":[{"href":"https:\/\/radiostargjilan.com\/web\/wp-json\/wp\/v2\/posts\/242756","targetHints":{"allow":["GET"]}}],"collection":[{"href":"https:\/\/radiostargjilan.com\/web\/wp-json\/wp\/v2\/posts"}],"about":[{"href":"https:\/\/radiostargjilan.com\/web\/wp-json\/wp\/v2\/types\/post"}],"author":[{"embeddable":true,"href":"https:\/\/radiostargjilan.com\/web\/wp-json\/wp\/v2\/users\/1"}],"replies":[{"embeddable":true,"href":"https:\/\/radiostargjilan.com\/web\/wp-json\/wp\/v2\/comments?post=242756"}],"version-history":[{"count":1,"href":"https:\/\/radiostargjilan.com\/web\/wp-json\/wp\/v2\/posts\/242756\/revisions"}],"predecessor-version":[{"id":242758,"href":"https:\/\/radiostargjilan.com\/web\/wp-json\/wp\/v2\/posts\/242756\/revisions\/242758"}],"wp:featuredmedia":[{"embeddable":true,"href":"https:\/\/radiostargjilan.com\/web\/wp-json\/wp\/v2\/media\/242757"}],"wp:attachment":[{"href":"https:\/\/radiostargjilan.com\/web\/wp-json\/wp\/v2\/media?parent=242756"}],"wp:term":[{"taxonomy":"category","embeddable":true,"href":"https:\/\/radiostargjilan.com\/web\/wp-json\/wp\/v2\/categories?post=242756"},{"taxonomy":"post_tag","embeddable":true,"href":"https:\/\/radiostargjilan.com\/web\/wp-json\/wp\/v2\/tags?post=242756"},{"taxonomy":"tmauthors","embeddable":true,"href":"https:\/\/radiostargjilan.com\/web\/wp-json\/wp\/v2\/tmauthors?post=242756"}],"curies":[{"name":"wp","href":"https:\/\/api.w.org\/{rel}","templated":true}]}}