{"id":242766,"date":"2026-08-31T14:44:36","date_gmt":"2026-08-31T12:44:36","guid":{"rendered":"https:\/\/radiostargjilan.com\/web\/?p=242766"},"modified":"2026-08-31T14:44:36","modified_gmt":"2026-08-31T12:44:36","slug":"haxhiu-e-mirepres-marreveshjen-e-arritur-sot","status":"publish","type":"post","link":"https:\/\/radiostargjilan.com\/web\/haxhiu-e-mirepres-marreveshjen-e-arritur-sot\/","title":{"rendered":"Haxhiu: E mir\u00ebpres marr\u00ebveshjen e arritur sot"},"content":{"rendered":"<p>Ushtruesja e detyr\u00ebs s\u00eb Presidentes s\u00eb Kosov\u00ebs, Albulena Haxhiu, ka reaguar lidhur me marr\u00ebveshjen e arritur mes L\u00ebvizjes Vet\u00ebvendosje (LVV) dhe Lidhjes Demokratike t\u00eb Kosov\u00ebs (LDK) p\u00ebr presidentin.<\/p>\n<p>Haxhiu, p\u00ebrmes nj\u00eb postimi n\u00eb \u201cFacebook\u201d, ka deklaruar se e mir\u00ebpret marr\u00ebveshjen e arritur sot mes dy partive.<\/p>\n<p>\u201cE mir\u00ebpres marr\u00ebveshjen e arritur sot nd\u00ebrmjet L\u00ebvizjes VET\u00cbVENDOSJE! dhe Lidhjes Demokratike t\u00eb Kosov\u00ebs p\u00ebr kandidatin p\u00ebr President t\u00eb Republik\u00ebs.Dakordimi i sot\u00ebm \u00ebsht\u00eb nj\u00eb hap shum\u00eb i r\u00ebnd\u00ebsish\u00ebm drejt tejkalimit t\u00eb ng\u00ebr\u00e7it dhe funksionalizimit t\u00eb plot\u00eb t\u00eb institucioneve\u201d, tha Haxhiu.<\/p>\n<p>Tutje, ajo shprehu se \u00ebsht\u00eb me r\u00ebnd\u00ebsi q\u00eb ky proces t\u00eb p\u00ebrmbyllet n\u00eb Kuvend, si\u00e7 tha ajo, me p\u00ebrgjegj\u00ebsin\u00eb q\u00eb k\u00ebrkon momenti dhe interesi i Republik\u00ebs.<\/p>\n","protected":false},"excerpt":{"rendered":"<p>Ushtruesja e detyr\u00ebs s\u00eb Presidentes s\u00eb Kosov\u00ebs, Albulena Haxhiu, ka reaguar lidhur me marr\u00ebveshjen e arritur mes L\u00ebvizjes Vet\u00ebvendosje (LVV) dhe Lidhjes Demokratike t\u00eb Kosov\u00ebs (LDK) p\u00ebr presidentin. Haxhiu, p\u00ebrmes nj\u00eb postimi n\u00eb \u201cFacebook\u201d, ka deklaruar se e mir\u00ebpret marr\u00ebveshjen e arritur sot mes dy partive. \u201cE mir\u00ebpres marr\u00ebveshjen e arritur sot nd\u00ebrmjet L\u00ebvizjes VET\u00cbVENDOSJE! [&hellip;]<\/p>\n","protected":false},"author":1,"featured_media":242767,"comment_status":"closed","ping_status":"closed","sticky":false,"template":"","format":"standard","meta":{"footnotes":""},"categories":[5],"tags":[],"tmauthors":[136],"class_list":["post-242766","post","type-post","status-publish","format-standard","has-post-thumbnail","category-lajme"],"_links":{"self":[{"href":"https:\/\/radiostargjilan.com\/web\/wp-json\/wp\/v2\/posts\/242766","targetHints":{"allow":["GET"]}}],"collection":[{"href":"https:\/\/radiostargjilan.com\/web\/wp-json\/wp\/v2\/posts"}],"about":[{"href":"https:\/\/radiostargjilan.com\/web\/wp-json\/wp\/v2\/types\/post"}],"author":[{"embeddable":true,"href":"https:\/\/radiostargjilan.com\/web\/wp-json\/wp\/v2\/users\/1"}],"replies":[{"embeddable":true,"href":"https:\/\/radiostargjilan.com\/web\/wp-json\/wp\/v2\/comments?post=242766"}],"version-history":[{"count":1,"href":"https:\/\/radiostargjilan.com\/web\/wp-json\/wp\/v2\/posts\/242766\/revisions"}],"predecessor-version":[{"id":242768,"href":"https:\/\/radiostargjilan.com\/web\/wp-json\/wp\/v2\/posts\/242766\/revisions\/242768"}],"wp:featuredmedia":[{"embeddable":true,"href":"https:\/\/radiostargjilan.com\/web\/wp-json\/wp\/v2\/media\/242767"}],"wp:attachment":[{"href":"https:\/\/radiostargjilan.com\/web\/wp-json\/wp\/v2\/media?parent=242766"}],"wp:term":[{"taxonomy":"category","embeddable":true,"href":"https:\/\/radiostargjilan.com\/web\/wp-json\/wp\/v2\/categories?post=242766"},{"taxonomy":"post_tag","embeddable":true,"href":"https:\/\/radiostargjilan.com\/web\/wp-json\/wp\/v2\/tags?post=242766"},{"taxonomy":"tmauthors","embeddable":true,"href":"https:\/\/radiostargjilan.com\/web\/wp-json\/wp\/v2\/tmauthors?post=242766"}],"curies":[{"name":"wp","href":"https:\/\/api.w.org\/{rel}","templated":true}]}}