{"id":242769,"date":"2026-08-31T15:06:56","date_gmt":"2026-08-31T13:06:56","guid":{"rendered":"https:\/\/radiostargjilan.com\/web\/?p=242769"},"modified":"2026-08-31T15:06:56","modified_gmt":"2026-08-31T13:06:56","slug":"pdk-anulon-ne-momentet-e-fundit-konferencen-per-media-nuk-tregon-arsyen","status":"publish","type":"post","link":"https:\/\/radiostargjilan.com\/web\/pdk-anulon-ne-momentet-e-fundit-konferencen-per-media-nuk-tregon-arsyen\/","title":{"rendered":"PDK anulon n\u00eb momentet e fundit konferenc\u00ebn p\u00ebr media, nuk tregon arsyen"},"content":{"rendered":"<p>Partia Demokratike e Kosov\u00ebs (PDK) ka anuluar konferenc\u00ebn p\u00ebr media, e cila ishte paralajm\u00ebruar t\u00eb mbahej sot n\u00eb or\u00ebn 14:00.<\/p>\n<p>N\u00eb njoftimin e b\u00ebr\u00eb p\u00ebr media, PDK nuk ka dh\u00ebn\u00eb arsye p\u00ebr anulimin e konferenc\u00ebs. Gjithashtu, nuk ishte b\u00ebr\u00eb e ditur paraprakisht as tema apo arsyeja e thirrjes s\u00eb k\u00ebsaj konference.<\/p>\n<p>Nd\u00ebrkoh\u00eb, kujtojm\u00eb se sot L\u00ebvizja Vet\u00ebvendosje (VV) dhe Lidhja Demokratike e Kosov\u00ebs (LDK) kan\u00eb arritur marr\u00ebveshje p\u00ebr Presidentin, duke propozuar Bekim Sejdiun si kandidat konsensual p\u00ebr postin e shefit t\u00eb shtetit.<\/p>\n","protected":false},"excerpt":{"rendered":"<p>Partia Demokratike e Kosov\u00ebs (PDK) ka anuluar konferenc\u00ebn p\u00ebr media, e cila ishte paralajm\u00ebruar t\u00eb mbahej sot n\u00eb or\u00ebn 14:00. N\u00eb njoftimin e b\u00ebr\u00eb p\u00ebr media, PDK nuk ka dh\u00ebn\u00eb arsye p\u00ebr anulimin e konferenc\u00ebs. Gjithashtu, nuk ishte b\u00ebr\u00eb e ditur paraprakisht as tema apo arsyeja e thirrjes s\u00eb k\u00ebsaj konference. Nd\u00ebrkoh\u00eb, kujtojm\u00eb se sot [&hellip;]<\/p>\n","protected":false},"author":1,"featured_media":242770,"comment_status":"closed","ping_status":"closed","sticky":false,"template":"","format":"standard","meta":{"footnotes":""},"categories":[5],"tags":[],"tmauthors":[136],"class_list":["post-242769","post","type-post","status-publish","format-standard","has-post-thumbnail","category-lajme"],"_links":{"self":[{"href":"https:\/\/radiostargjilan.com\/web\/wp-json\/wp\/v2\/posts\/242769","targetHints":{"allow":["GET"]}}],"collection":[{"href":"https:\/\/radiostargjilan.com\/web\/wp-json\/wp\/v2\/posts"}],"about":[{"href":"https:\/\/radiostargjilan.com\/web\/wp-json\/wp\/v2\/types\/post"}],"author":[{"embeddable":true,"href":"https:\/\/radiostargjilan.com\/web\/wp-json\/wp\/v2\/users\/1"}],"replies":[{"embeddable":true,"href":"https:\/\/radiostargjilan.com\/web\/wp-json\/wp\/v2\/comments?post=242769"}],"version-history":[{"count":1,"href":"https:\/\/radiostargjilan.com\/web\/wp-json\/wp\/v2\/posts\/242769\/revisions"}],"predecessor-version":[{"id":242771,"href":"https:\/\/radiostargjilan.com\/web\/wp-json\/wp\/v2\/posts\/242769\/revisions\/242771"}],"wp:featuredmedia":[{"embeddable":true,"href":"https:\/\/radiostargjilan.com\/web\/wp-json\/wp\/v2\/media\/242770"}],"wp:attachment":[{"href":"https:\/\/radiostargjilan.com\/web\/wp-json\/wp\/v2\/media?parent=242769"}],"wp:term":[{"taxonomy":"category","embeddable":true,"href":"https:\/\/radiostargjilan.com\/web\/wp-json\/wp\/v2\/categories?post=242769"},{"taxonomy":"post_tag","embeddable":true,"href":"https:\/\/radiostargjilan.com\/web\/wp-json\/wp\/v2\/tags?post=242769"},{"taxonomy":"tmauthors","embeddable":true,"href":"https:\/\/radiostargjilan.com\/web\/wp-json\/wp\/v2\/tmauthors?post=242769"}],"curies":[{"name":"wp","href":"https:\/\/api.w.org\/{rel}","templated":true}]}}