{"id":242772,"date":"2026-08-31T15:32:25","date_gmt":"2026-08-31T13:32:25","guid":{"rendered":"https:\/\/radiostargjilan.com\/web\/?p=242772"},"modified":"2026-08-31T15:32:25","modified_gmt":"2026-08-31T13:32:25","slug":"avdullah-hoti-nuk-e-perkrah-kandidaturen-e-bekim-sejdiut-per-president","status":"publish","type":"post","link":"https:\/\/radiostargjilan.com\/web\/avdullah-hoti-nuk-e-perkrah-kandidaturen-e-bekim-sejdiut-per-president\/","title":{"rendered":"Avdullah Hoti nuk e p\u00ebrkrah kandidatur\u00ebn e Bekim Sejdiut p\u00ebr president"},"content":{"rendered":"<p>Deputeti nga radh\u00ebt e Lidhjes Demokratike t\u00eb Kosov\u00ebs(LDK), Avdullah Hoti, ka b\u00ebr\u00eb t\u00eb ditur se nuk e p\u00ebrkrah kandidatur\u00ebn e Bekim Sejdiut p\u00ebr president t\u00eb vendit.<\/p>\n<p>Hoti tha se kjo nuk ka t\u00eb b\u00ebj\u00eb me arsye personale, por me nj\u00eb parim politik dhe institucional.<\/p>\n<p>\u201cPresidenti i Republik\u00ebs duhet t\u00eb jet\u00eb figur\u00eb unifikuese, e cila nd\u00ebrton konsensus p\u00ebrtej interesave partiake dhe p\u00ebrfaq\u00ebson interesin e p\u00ebrgjithsh\u00ebm t\u00eb qytetar\u00ebve. N\u00eb vler\u00ebsimin tim, kjo kandidatur\u00eb nuk e p\u00ebrmbush k\u00ebt\u00eb kriter\u201d, tha Hoti.<\/p>\n<p>Tutje, ai tha se kjo kandidatur\u00eb nuk pasqyron interesat politike dhe parimore t\u00eb LDK-s\u00eb.<\/p>\n<p>\u201cNj\u00ebkoh\u00ebsisht, kjo kandidatur\u00eb nuk pasqyron interesat politike dhe parimore t\u00eb Lidhjes Demokratike t\u00eb Kosov\u00ebs dhe elektoratit t\u00eb saj. P\u00ebrkundrazi, m\u00ebnyra se si \u00ebsht\u00eb imponuar kjo zgjidhje krijon p\u00ebrshtypjen se LDK-ja ka penguar edhe kandidatura t\u00eb tjera politike, vet\u00ebm p\u00ebr t\u2019i hapur rrug\u00eb nj\u00eb kandidature q\u00eb, n\u00eb thelb, \u00ebsht\u00eb po ashtu politike\u201d, tha tutje ai.<\/p>\n<p>Bekim Sejdiu u propozua sot nga LDK e LVV si kandidat p\u00ebr president t\u00eb vendit.<\/p>\n","protected":false},"excerpt":{"rendered":"<p>Deputeti nga radh\u00ebt e Lidhjes Demokratike t\u00eb Kosov\u00ebs(LDK), Avdullah Hoti, ka b\u00ebr\u00eb t\u00eb ditur se nuk e p\u00ebrkrah kandidatur\u00ebn e Bekim Sejdiut p\u00ebr president t\u00eb vendit. Hoti tha se kjo nuk ka t\u00eb b\u00ebj\u00eb me arsye personale, por me nj\u00eb parim politik dhe institucional. \u201cPresidenti i Republik\u00ebs duhet t\u00eb jet\u00eb figur\u00eb unifikuese, e cila nd\u00ebrton [&hellip;]<\/p>\n","protected":false},"author":1,"featured_media":242773,"comment_status":"closed","ping_status":"closed","sticky":false,"template":"","format":"standard","meta":{"footnotes":""},"categories":[5],"tags":[],"tmauthors":[136],"class_list":["post-242772","post","type-post","status-publish","format-standard","has-post-thumbnail","category-lajme"],"_links":{"self":[{"href":"https:\/\/radiostargjilan.com\/web\/wp-json\/wp\/v2\/posts\/242772","targetHints":{"allow":["GET"]}}],"collection":[{"href":"https:\/\/radiostargjilan.com\/web\/wp-json\/wp\/v2\/posts"}],"about":[{"href":"https:\/\/radiostargjilan.com\/web\/wp-json\/wp\/v2\/types\/post"}],"author":[{"embeddable":true,"href":"https:\/\/radiostargjilan.com\/web\/wp-json\/wp\/v2\/users\/1"}],"replies":[{"embeddable":true,"href":"https:\/\/radiostargjilan.com\/web\/wp-json\/wp\/v2\/comments?post=242772"}],"version-history":[{"count":1,"href":"https:\/\/radiostargjilan.com\/web\/wp-json\/wp\/v2\/posts\/242772\/revisions"}],"predecessor-version":[{"id":242774,"href":"https:\/\/radiostargjilan.com\/web\/wp-json\/wp\/v2\/posts\/242772\/revisions\/242774"}],"wp:featuredmedia":[{"embeddable":true,"href":"https:\/\/radiostargjilan.com\/web\/wp-json\/wp\/v2\/media\/242773"}],"wp:attachment":[{"href":"https:\/\/radiostargjilan.com\/web\/wp-json\/wp\/v2\/media?parent=242772"}],"wp:term":[{"taxonomy":"category","embeddable":true,"href":"https:\/\/radiostargjilan.com\/web\/wp-json\/wp\/v2\/categories?post=242772"},{"taxonomy":"post_tag","embeddable":true,"href":"https:\/\/radiostargjilan.com\/web\/wp-json\/wp\/v2\/tags?post=242772"},{"taxonomy":"tmauthors","embeddable":true,"href":"https:\/\/radiostargjilan.com\/web\/wp-json\/wp\/v2\/tmauthors?post=242772"}],"curies":[{"name":"wp","href":"https:\/\/api.w.org\/{rel}","templated":true}]}}