{"id":242779,"date":"2026-08-31T17:19:55","date_gmt":"2026-08-31T15:19:55","guid":{"rendered":"https:\/\/radiostargjilan.com\/web\/?p=242779"},"modified":"2026-08-31T17:19:55","modified_gmt":"2026-08-31T15:19:55","slug":"neser-kufizohet-qarkullimi-i-kamioneve-mbi-20-tone-ne-autostrade","status":"publish","type":"post","link":"https:\/\/radiostargjilan.com\/web\/neser-kufizohet-qarkullimi-i-kamioneve-mbi-20-tone-ne-autostrade\/","title":{"rendered":"Nes\u00ebr kufizohet qarkullimi i kamion\u00ebve mbi 20 ton\u00eb n\u00eb autostrad\u00eb"},"content":{"rendered":"<p>Ministria e Infrastruktur\u00ebs dhe Transportit ka njoftuar se t\u00eb m\u00ebrkur\u00ebn do t\u00eb ket\u00eb kufizime t\u00eb p\u00ebrkohshme n\u00eb qarkullimin e automjeteve t\u00eb transportit t\u00eb mallrave me mas\u00eb totale mbi 20 ton\u00eb.<\/p>\n<p>Sipas njoftimit t\u00eb Ministris\u00eb, kufizimi vjen si pasoj\u00eb e temperaturave t\u00eb larta t\u00eb parashikuara p\u00ebr dit\u00ebn e nes\u00ebrme.<\/p>\n<p>\u201cN\u00eb AUTOUDH\u00cb, kufizimi do t\u00eb jet\u00eb n\u00eb fuqi nga ora 11:00 deri n\u00eb 17:30, pasi temperatura e parashikuar plot\u00ebson kushtin prej 32\u00b0C ose m\u00eb shum\u00eb\u201d, thuhet n\u00eb njoftim.<\/p>\n<p>Nd\u00ebrkaq, n\u00eb rrug\u00ebt nacionale, rajonale dhe lidh\u00ebse nuk do t\u00eb ket\u00eb kufizime p\u00ebr qarkullimin e k\u00ebtyre automjeteve.<\/p>\n<p>\u201cN\u00eb rrug\u00ebt NACIONALE, RAJONALE dhe LIDH\u00cbSE, qarkullimi lejohet pa kufizime\u201d, njofton Ministria.<\/p>\n<p>Nga ky kufizim do t\u00eb p\u00ebrjashtohen automjetet e organeve t\u00eb rendit dhe siguris\u00eb publike, sh\u00ebrbimeve emergjente dhe institucioneve sh\u00ebndet\u00ebsore.<\/p>\n<p>Ministria u ka b\u00ebr\u00eb thirrje operator\u00ebve ekonomik\u00eb dhe ngas\u00ebsve q\u00eb ta respektojn\u00eb kufizimin dhe ta planifikojn\u00eb qarkullimin n\u00eb p\u00ebrputhje me orarin e p\u00ebrcaktuar.<\/p>\n","protected":false},"excerpt":{"rendered":"<p>Ministria e Infrastruktur\u00ebs dhe Transportit ka njoftuar se t\u00eb m\u00ebrkur\u00ebn do t\u00eb ket\u00eb kufizime t\u00eb p\u00ebrkohshme n\u00eb qarkullimin e automjeteve t\u00eb transportit t\u00eb mallrave me mas\u00eb totale mbi 20 ton\u00eb. Sipas njoftimit t\u00eb Ministris\u00eb, kufizimi vjen si pasoj\u00eb e temperaturave t\u00eb larta t\u00eb parashikuara p\u00ebr dit\u00ebn e nes\u00ebrme. \u201cN\u00eb AUTOUDH\u00cb, kufizimi do t\u00eb jet\u00eb n\u00eb [&hellip;]<\/p>\n","protected":false},"author":1,"featured_media":242558,"comment_status":"closed","ping_status":"closed","sticky":false,"template":"","format":"standard","meta":{"footnotes":""},"categories":[5],"tags":[],"tmauthors":[136],"class_list":["post-242779","post","type-post","status-publish","format-standard","has-post-thumbnail","category-lajme"],"_links":{"self":[{"href":"https:\/\/radiostargjilan.com\/web\/wp-json\/wp\/v2\/posts\/242779","targetHints":{"allow":["GET"]}}],"collection":[{"href":"https:\/\/radiostargjilan.com\/web\/wp-json\/wp\/v2\/posts"}],"about":[{"href":"https:\/\/radiostargjilan.com\/web\/wp-json\/wp\/v2\/types\/post"}],"author":[{"embeddable":true,"href":"https:\/\/radiostargjilan.com\/web\/wp-json\/wp\/v2\/users\/1"}],"replies":[{"embeddable":true,"href":"https:\/\/radiostargjilan.com\/web\/wp-json\/wp\/v2\/comments?post=242779"}],"version-history":[{"count":1,"href":"https:\/\/radiostargjilan.com\/web\/wp-json\/wp\/v2\/posts\/242779\/revisions"}],"predecessor-version":[{"id":242780,"href":"https:\/\/radiostargjilan.com\/web\/wp-json\/wp\/v2\/posts\/242779\/revisions\/242780"}],"wp:featuredmedia":[{"embeddable":true,"href":"https:\/\/radiostargjilan.com\/web\/wp-json\/wp\/v2\/media\/242558"}],"wp:attachment":[{"href":"https:\/\/radiostargjilan.com\/web\/wp-json\/wp\/v2\/media?parent=242779"}],"wp:term":[{"taxonomy":"category","embeddable":true,"href":"https:\/\/radiostargjilan.com\/web\/wp-json\/wp\/v2\/categories?post=242779"},{"taxonomy":"post_tag","embeddable":true,"href":"https:\/\/radiostargjilan.com\/web\/wp-json\/wp\/v2\/tags?post=242779"},{"taxonomy":"tmauthors","embeddable":true,"href":"https:\/\/radiostargjilan.com\/web\/wp-json\/wp\/v2\/tmauthors?post=242779"}],"curies":[{"name":"wp","href":"https:\/\/api.w.org\/{rel}","templated":true}]}}