{"id":242781,"date":"2026-08-31T17:47:26","date_gmt":"2026-08-31T15:47:26","guid":{"rendered":"https:\/\/radiostargjilan.com\/web\/?p=242781"},"modified":"2026-08-31T17:47:26","modified_gmt":"2026-08-31T15:47:26","slug":"kater-raste-te-reja-me-fruth-ne-kosove-gjate-javes-se-fundit","status":"publish","type":"post","link":"https:\/\/radiostargjilan.com\/web\/kater-raste-te-reja-me-fruth-ne-kosove-gjate-javes-se-fundit\/","title":{"rendered":"Kat\u00ebr raste t\u00eb reja me fruth n\u00eb Kosov\u00eb gjat\u00eb jav\u00ebs s\u00eb fundit"},"content":{"rendered":"<p>Instituti Komb\u00ebtar i Sh\u00ebndet\u00ebsis\u00eb Publike t\u00eb Kosov\u00ebs (IKShPK) ka njoftuar se gjat\u00eb jav\u00ebs s\u00eb fundit jan\u00eb regjistruar kat\u00ebr raste t\u00eb reja me fruth.<\/p>\n<p>\u201cSipas t\u00eb dh\u00ebnave t\u00eb IKShPK-s\u00eb, gjat\u00eb periudh\u00ebs 16 prill \u2013 30 gusht 2026 jan\u00eb konfirmuar 151 raste, prej tyre n\u00eb jav\u00ebn e fundit jan\u00eb regjistruar 4 raste t\u00eb reja me fruth\u201d, thuhet n\u00eb komunikat\u00ebn e institutit.<\/p>\n<div class=\"jeg_ad jeg_ad_article jnews_content_inline_ads  \">\n<div class=\"ads-wrapper align-center \"><\/div>\n<\/div>\n<p>IKShPK ka b\u00ebr\u00eb t\u00eb ditur se mbi 95 p\u00ebr qind e rasteve t\u00eb konfirmuara me fruth jan\u00eb te personat e pavaksinuar me vaksin\u00ebn MMR.<\/p>\n<p>\u201cT\u00eb dh\u00ebnat tregojn\u00eb se mbi 95% e rasteve t\u00eb konfirmuara me fruth jan\u00eb te personat e pavaksinuar me vaksin\u00ebn MMR, duke d\u00ebshmuar edhe nj\u00eb her\u00eb r\u00ebnd\u00ebsin\u00eb e vaksinimit n\u00eb mbrojtjen e f\u00ebmij\u00ebve nga fruthi\u201d, thuhet n\u00eb njoftim.<\/p>\n<p>Instituti ka rikujtuar se krahas vaksinimit t\u00eb rregullt \u00ebsht\u00eb intensifikuar edhe vaksinimi i vonuar (catch-up).<\/p>\n<p>\u201cGjat\u00eb k\u00ebtij viti, rreth 2,500 f\u00ebmij\u00eb t\u00eb grup-mosh\u00ebs 2\u20135 vje\u00e7 jan\u00eb vaksinuar p\u00ebrmes vaksinimit catch-up\u201d, njofton IKShPK.<\/p>\n<p>IKShPK u ka b\u00ebr\u00eb thirrje prind\u00ebrve q\u00eb t\u2019i vaksinojn\u00eb f\u00ebmij\u00ebt, duke theksuar se vaksinimi mbetet m\u00ebnyra m\u00eb e mir\u00eb p\u00ebr mbrojtjen nga fruthi.<\/p>\n<p><iframe loading=\"lazy\" src=\"https:\/\/www.facebook.com\/plugins\/post.php?href=https%3A%2F%2Fwww.facebook.com%2FIKSHPK%2Fposts%2Fpfbid02vYnE9kam4dxfYu99UWKfbd1V8cErRdpvcA3bwCLye985RGH23LwhBnaG3uTvVmgKl&amp;show_text=true&amp;width=500\" width=\"500\" height=\"557\" frameborder=\"0\" scrolling=\"no\" allowfullscreen=\"allowfullscreen\"><\/iframe><\/p>\n","protected":false},"excerpt":{"rendered":"<p>Instituti Komb\u00ebtar i Sh\u00ebndet\u00ebsis\u00eb Publike t\u00eb Kosov\u00ebs (IKShPK) ka njoftuar se gjat\u00eb jav\u00ebs s\u00eb fundit jan\u00eb regjistruar kat\u00ebr raste t\u00eb reja me fruth. \u201cSipas t\u00eb dh\u00ebnave t\u00eb IKShPK-s\u00eb, gjat\u00eb periudh\u00ebs 16 prill \u2013 30 gusht 2026 jan\u00eb konfirmuar 151 raste, prej tyre n\u00eb jav\u00ebn e fundit jan\u00eb regjistruar 4 raste t\u00eb reja me fruth\u201d, thuhet [&hellip;]<\/p>\n","protected":false},"author":1,"featured_media":242782,"comment_status":"closed","ping_status":"closed","sticky":false,"template":"","format":"standard","meta":{"footnotes":""},"categories":[5],"tags":[],"tmauthors":[136],"class_list":["post-242781","post","type-post","status-publish","format-standard","has-post-thumbnail","category-lajme"],"_links":{"self":[{"href":"https:\/\/radiostargjilan.com\/web\/wp-json\/wp\/v2\/posts\/242781","targetHints":{"allow":["GET"]}}],"collection":[{"href":"https:\/\/radiostargjilan.com\/web\/wp-json\/wp\/v2\/posts"}],"about":[{"href":"https:\/\/radiostargjilan.com\/web\/wp-json\/wp\/v2\/types\/post"}],"author":[{"embeddable":true,"href":"https:\/\/radiostargjilan.com\/web\/wp-json\/wp\/v2\/users\/1"}],"replies":[{"embeddable":true,"href":"https:\/\/radiostargjilan.com\/web\/wp-json\/wp\/v2\/comments?post=242781"}],"version-history":[{"count":1,"href":"https:\/\/radiostargjilan.com\/web\/wp-json\/wp\/v2\/posts\/242781\/revisions"}],"predecessor-version":[{"id":242783,"href":"https:\/\/radiostargjilan.com\/web\/wp-json\/wp\/v2\/posts\/242781\/revisions\/242783"}],"wp:featuredmedia":[{"embeddable":true,"href":"https:\/\/radiostargjilan.com\/web\/wp-json\/wp\/v2\/media\/242782"}],"wp:attachment":[{"href":"https:\/\/radiostargjilan.com\/web\/wp-json\/wp\/v2\/media?parent=242781"}],"wp:term":[{"taxonomy":"category","embeddable":true,"href":"https:\/\/radiostargjilan.com\/web\/wp-json\/wp\/v2\/categories?post=242781"},{"taxonomy":"post_tag","embeddable":true,"href":"https:\/\/radiostargjilan.com\/web\/wp-json\/wp\/v2\/tags?post=242781"},{"taxonomy":"tmauthors","embeddable":true,"href":"https:\/\/radiostargjilan.com\/web\/wp-json\/wp\/v2\/tmauthors?post=242781"}],"curies":[{"name":"wp","href":"https:\/\/api.w.org\/{rel}","templated":true}]}}