{"id":242784,"date":"2026-08-31T20:24:00","date_gmt":"2026-08-31T18:24:00","guid":{"rendered":"https:\/\/radiostargjilan.com\/web\/?p=242784"},"modified":"2026-08-31T20:24:00","modified_gmt":"2026-08-31T18:24:00","slug":"marreveshja-per-presidentin-ramadani-po-te-mos-ishte-loje-me-shtetin-seanca-do-thirrej-menjehere","status":"publish","type":"post","link":"https:\/\/radiostargjilan.com\/web\/marreveshja-per-presidentin-ramadani-po-te-mos-ishte-loje-me-shtetin-seanca-do-thirrej-menjehere\/","title":{"rendered":"Marr\u00ebveshja p\u00ebr Presidentin, Ramadani: Po t\u00eb mos ishte loj\u00eb me shtetin seanca do thirrej menj\u00ebher\u00eb"},"content":{"rendered":"<p><strong>Deputeti i Aleanc\u00ebs, Burim Ramadani, ka th\u00ebn\u00eb se mos t\u00eb ishte loj\u00eb me shtetin marr\u00ebveshja VV-LDK p\u00ebr propozimin e Bekim Sejdiut si kandidat p\u00ebr President, seanca e konstituimit t\u00eb Kuvendit do thirrej menj\u00ebher\u00eb.<\/strong><\/p>\n<p>Ramani tha se tash marr\u00ebveshjen p\u00ebr ndarjeve e posteve e kan\u00eb, duke komentuar marr\u00ebveshjen e arritur.<\/p>\n<div class=\"4u54f3LI\"><ins id=\"revive-0-1\" data-revive-zoneid=\"40\" data-revive-id=\"8ef7f8ba6db9b49c22b7894e66d04a04\" data-revive-seq=\"1\" data-revive-loaded=\"1\"><\/p>\n<div id=\"beacon_1088a2a536\"><img loading=\"lazy\" loading=\"lazy\" decoding=\"async\" src=\"https:\/\/ads.gazeta10.com\/www\/delivery\/lg.php?bannerid=0&amp;campaignid=0&amp;zoneid=40&amp;loc=https%3A%2F%2Fgazeta10.com%2Fmarreveshja-per-presidentin-ramadani-po-te-mos-ishte-loje-me-shtetin-seanca-do-thirrej-menjehere%2F&amp;referer=https%3A%2F%2Fgazeta10.com%2Frubrika%2Flajme%2F&amp;cb=1088a2a536\" alt=\"\" width=\"0\" height=\"0\" \/><\/div>\n<p><\/ins><\/div>\n<p>\u201cPse s\u2019po e thirrin sot seanc\u00ebn e Kuvendit? Mos t\u00eb ishte loj\u00eb me shtetin kjo marr\u00ebveshja dypartiake, Kuvendi do t\u00eb konstituohej menj\u00ebher\u00eb sot. Tash marr\u00ebveshjen p\u00ebr ndarje t\u00eb posteve e kan\u00eb\u201d, ka th\u00ebn\u00eb ai.<\/p>\n<p><iframe loading=\"lazy\" src=\"https:\/\/www.facebook.com\/plugins\/post.php?href=https%3A%2F%2Fwww.facebook.com%2Fpermalink.php%3Fstory_fbid%3Dpfbid02c1w99rqnD9nuk8Sv6xMvFnkYN6BsEobMq1XPXYmQMw89HxdPgUcXNcjKCM6iC7cjl%26id%3D100092526499542&amp;show_text=true&amp;width=500\" width=\"500\" height=\"213\" frameborder=\"0\" scrolling=\"no\" allowfullscreen=\"allowfullscreen\" data-mce-fragment=\"1\"><\/iframe><\/p>\n<div class=\"Ql6VWUhb\"><ins id=\"revive-0-2\" data-revive-zoneid=\"19\" data-revive-id=\"8ef7f8ba6db9b49c22b7894e66d04a04\" data-revive-seq=\"2\" data-revive-loaded=\"1\"><\/p>\n<div id=\"beacon_bd25c37e49\"><img loading=\"lazy\" loading=\"lazy\" decoding=\"async\" src=\"https:\/\/ads.gazeta10.com\/www\/delivery\/lg.php?bannerid=0&amp;campaignid=0&amp;zoneid=19&amp;loc=https%3A%2F%2Fgazeta10.com%2Fmarreveshja-per-presidentin-ramadani-po-te-mos-ishte-loje-me-shtetin-seanca-do-thirrej-menjehere%2F&amp;referer=https%3A%2F%2Fgazeta10.com%2Frubrika%2Flajme%2F&amp;cb=bd25c37e49\" alt=\"\" width=\"0\" height=\"0\" \/><\/div>\n<p><\/ins><\/div>\n","protected":false},"excerpt":{"rendered":"<p>Deputeti i Aleanc\u00ebs, Burim Ramadani, ka th\u00ebn\u00eb se mos t\u00eb ishte loj\u00eb me shtetin marr\u00ebveshja VV-LDK p\u00ebr propozimin e Bekim Sejdiut si kandidat p\u00ebr President, seanca e konstituimit t\u00eb Kuvendit do thirrej menj\u00ebher\u00eb. Ramani tha se tash marr\u00ebveshjen p\u00ebr ndarjeve e posteve e kan\u00eb, duke komentuar marr\u00ebveshjen e arritur. \u201cPse s\u2019po e thirrin sot seanc\u00ebn [&hellip;]<\/p>\n","protected":false},"author":1,"featured_media":242785,"comment_status":"closed","ping_status":"closed","sticky":false,"template":"","format":"standard","meta":{"footnotes":""},"categories":[5],"tags":[],"tmauthors":[136],"class_list":["post-242784","post","type-post","status-publish","format-standard","has-post-thumbnail","category-lajme"],"_links":{"self":[{"href":"https:\/\/radiostargjilan.com\/web\/wp-json\/wp\/v2\/posts\/242784","targetHints":{"allow":["GET"]}}],"collection":[{"href":"https:\/\/radiostargjilan.com\/web\/wp-json\/wp\/v2\/posts"}],"about":[{"href":"https:\/\/radiostargjilan.com\/web\/wp-json\/wp\/v2\/types\/post"}],"author":[{"embeddable":true,"href":"https:\/\/radiostargjilan.com\/web\/wp-json\/wp\/v2\/users\/1"}],"replies":[{"embeddable":true,"href":"https:\/\/radiostargjilan.com\/web\/wp-json\/wp\/v2\/comments?post=242784"}],"version-history":[{"count":1,"href":"https:\/\/radiostargjilan.com\/web\/wp-json\/wp\/v2\/posts\/242784\/revisions"}],"predecessor-version":[{"id":242786,"href":"https:\/\/radiostargjilan.com\/web\/wp-json\/wp\/v2\/posts\/242784\/revisions\/242786"}],"wp:featuredmedia":[{"embeddable":true,"href":"https:\/\/radiostargjilan.com\/web\/wp-json\/wp\/v2\/media\/242785"}],"wp:attachment":[{"href":"https:\/\/radiostargjilan.com\/web\/wp-json\/wp\/v2\/media?parent=242784"}],"wp:term":[{"taxonomy":"category","embeddable":true,"href":"https:\/\/radiostargjilan.com\/web\/wp-json\/wp\/v2\/categories?post=242784"},{"taxonomy":"post_tag","embeddable":true,"href":"https:\/\/radiostargjilan.com\/web\/wp-json\/wp\/v2\/tags?post=242784"},{"taxonomy":"tmauthors","embeddable":true,"href":"https:\/\/radiostargjilan.com\/web\/wp-json\/wp\/v2\/tmauthors?post=242784"}],"curies":[{"name":"wp","href":"https:\/\/api.w.org\/{rel}","templated":true}]}}