{"id":242787,"date":"2026-08-31T20:56:02","date_gmt":"2026-08-31T18:56:02","guid":{"rendered":"https:\/\/radiostargjilan.com\/web\/?p=242787"},"modified":"2026-08-31T20:56:02","modified_gmt":"2026-08-31T18:56:02","slug":"pdk-i-drejtohet-deharit-me-kerkese-te-re-per-seance-neser-nga-ora-1100","status":"publish","type":"post","link":"https:\/\/radiostargjilan.com\/web\/pdk-i-drejtohet-deharit-me-kerkese-te-re-per-seance-neser-nga-ora-1100\/","title":{"rendered":"PDK i drejtohet Deharit me k\u00ebrkes\u00eb t\u00eb re p\u00ebr seanc\u00eb nes\u00ebr nga ora 11:00"},"content":{"rendered":"<p>Grupi Parlamentar i Partis\u00eb Demokratike t\u00eb Kosov\u00ebs (PDK), n\u00ebp\u00ebrmjet Vlora \u00c7itakut i ka d\u00ebrguar let\u00ebr kryesuesit t\u00eb seanc\u00ebs konstituive Avni Deharit, q\u00eb t\u00eb respektoj\u00eb rregulloret dhe obligimet e tij kushtetuese p\u00ebr ta thirrur seanc\u00ebn m\u00eb 1 shtator nga ora 11:00.<\/p>\n<p>Letra e plot\u00eb:<\/p>\n<p>I nderuar z. Dehari,<\/p>\n<p>N\u00eb cil\u00ebsin\u00eb tuaj si kryesues i seanc\u00ebs konstituive sipas mosh\u00ebs, n\u00eb p\u00ebrputhje me Nenin 9 t\u00eb Rregullores s\u00eb Pun\u00ebs s\u00eb Kuvendit t\u00eb Republik\u00ebs s\u00eb Kosov\u00ebs n\u00eb em\u00ebr t\u00eb deputet\u00ebve t\u00eb Partis\u00eb Demokratike t\u00eb Kosov\u00ebs, k\u00ebrkojm\u00eb nga ju q\u00eb t\u00eb p\u00ebrmbushni obligimin tuaj kushtetues dhe procedural dhe q\u00eb, m\u00eb 01 shtator 2026, n\u00eb ora 11.00, t\u00eb thirrni vazhdimin e seanc\u00ebs konstituive, ashtu si\u00e7 k\u00ebrkohet edhe me Rregulloren e Kuvendit t\u00eb Republik\u00ebs s\u00eb Kosov\u00ebs.<\/p>\n<p>Moskonstituimi i Kuvendit brenda afatit t\u00eb p\u00ebrcaktuar tashm\u00eb ka krijuar nj\u00eb situat\u00eb t\u00eb r\u00ebnd\u00eb t\u00eb shkeljes s\u00eb Kushtetut\u00ebs dhe t\u00eb mosrespektimit t\u00eb aktgjykimeve t\u00eb Gjykat\u00ebs Kushtetuese. Mosrespektimi i afateve dhe procedurave t\u00eb p\u00ebrcaktuara me Rregulloren e Kuvendit vet\u00ebm sa e thellon m\u00eb tej k\u00ebt\u00eb situat\u00eb.<\/p>\n<p>Duhet t\u00eb keni parasysh se, sipas jurisprudenc\u00ebs s\u00eb Gjykat\u00ebs Kushtetuese, pavar\u00ebsisht tejkalimit t\u00eb afatit kushtetues, Kuvendi duhet t\u00eb konstituohet. Shkelja e afatit nuk e shuan detyrimin p\u00ebr konstituimin e tij.<\/p>\n<p>Prandaj, duke e thirrur vazhdimin e seanc\u00ebs konstituive, ju keni mund\u00ebsin\u00eb dhe detyrimin q\u00eb t\u00eb parandaloni nj\u00eb shkelje t\u00eb radh\u00ebs dhe t\u00eb mund\u00ebsoni vazhdimin e procesit t\u00eb konstituimit t\u00eb Kuvendit.<\/p>\n<p>Ju rikujtojm\u00eb se roli juaj si kryesues i seanc\u00ebs konstituive sipas mosh\u00ebs \u00ebsht\u00eb i p\u00ebrcaktuar dhe i kufizuar nga Kushtetuta, aktgjykimet e Gjykat\u00ebs Kushtetuese dhe Rregullorja e Kuvendit.<\/p>\n<p>P\u00ebrgjegj\u00ebsia juaj \u00ebsht\u00eb t\u00eb mund\u00ebsoni zhvillimin dhe vazhdimin e seanc\u00ebs deri n\u00eb konstituimin e Kuvendit. Nuk \u00ebsht\u00eb n\u00eb kompetenc\u00ebn tuaj q\u00eb, mbi baz\u00ebn e vler\u00ebsimeve apo konsideratave politike, t\u00eb vendosni n\u00ebse dhe kur duhet t\u00eb vazhdoj\u00eb procesi i konstituimit t\u00eb Kuvendit.<\/p>\n<p>Vler\u00ebsimet dhe negociatat politike u takojn\u00eb forcave politike dhe ato mund e duhet t\u00eb zhvillohen vet\u00ebm brenda korniz\u00ebs kushtetuese t\u00eb Republik\u00ebs s\u00eb Kosov\u00ebs, t\u00eb cil\u00ebn t\u00eb gjith\u00eb jemi t\u00eb obliguar ta respektojm\u00eb.<\/p>\n<p>P\u00ebr k\u00ebt\u00eb arsye, ju k\u00ebrkojm\u00eb q\u00eb, pa vonesa t\u00eb m\u00ebtejshme, t\u00eb thirrni vazhdimin e seanc\u00ebs konstituive m\u00eb 01 shtator 2026, n\u00eb ora 11.00, dhe t\u00eb mund\u00ebsoni ushtrimin e mandatit kushtetues t\u00eb deputet\u00ebve t\u00eb zgjedhur t\u00eb Republik\u00ebs s\u00eb Kosov\u00ebs.<\/p>\n<p>Me respekt,<\/p>\n<p>Vlora \u00c7itaku<\/p>\n<p>Deputete e Kuvendit t\u00eb Republik\u00ebs s\u00eb Kosov\u00ebs<\/p>\n<p>Sekretare e P\u00ebrgjithshme e Partis\u00eb Demokratike t\u00eb Kosov\u00ebs<\/p>\n","protected":false},"excerpt":{"rendered":"<p>Grupi Parlamentar i Partis\u00eb Demokratike t\u00eb Kosov\u00ebs (PDK), n\u00ebp\u00ebrmjet Vlora \u00c7itakut i ka d\u00ebrguar let\u00ebr kryesuesit t\u00eb seanc\u00ebs konstituive Avni Deharit, q\u00eb t\u00eb respektoj\u00eb rregulloret dhe obligimet e tij kushtetuese p\u00ebr ta thirrur seanc\u00ebn m\u00eb 1 shtator nga ora 11:00. Letra e plot\u00eb: I nderuar z. Dehari, N\u00eb cil\u00ebsin\u00eb tuaj si kryesues i seanc\u00ebs konstituive [&hellip;]<\/p>\n","protected":false},"author":1,"featured_media":242665,"comment_status":"closed","ping_status":"closed","sticky":false,"template":"","format":"standard","meta":{"footnotes":""},"categories":[5],"tags":[],"tmauthors":[136],"class_list":["post-242787","post","type-post","status-publish","format-standard","has-post-thumbnail","category-lajme"],"_links":{"self":[{"href":"https:\/\/radiostargjilan.com\/web\/wp-json\/wp\/v2\/posts\/242787","targetHints":{"allow":["GET"]}}],"collection":[{"href":"https:\/\/radiostargjilan.com\/web\/wp-json\/wp\/v2\/posts"}],"about":[{"href":"https:\/\/radiostargjilan.com\/web\/wp-json\/wp\/v2\/types\/post"}],"author":[{"embeddable":true,"href":"https:\/\/radiostargjilan.com\/web\/wp-json\/wp\/v2\/users\/1"}],"replies":[{"embeddable":true,"href":"https:\/\/radiostargjilan.com\/web\/wp-json\/wp\/v2\/comments?post=242787"}],"version-history":[{"count":1,"href":"https:\/\/radiostargjilan.com\/web\/wp-json\/wp\/v2\/posts\/242787\/revisions"}],"predecessor-version":[{"id":242788,"href":"https:\/\/radiostargjilan.com\/web\/wp-json\/wp\/v2\/posts\/242787\/revisions\/242788"}],"wp:featuredmedia":[{"embeddable":true,"href":"https:\/\/radiostargjilan.com\/web\/wp-json\/wp\/v2\/media\/242665"}],"wp:attachment":[{"href":"https:\/\/radiostargjilan.com\/web\/wp-json\/wp\/v2\/media?parent=242787"}],"wp:term":[{"taxonomy":"category","embeddable":true,"href":"https:\/\/radiostargjilan.com\/web\/wp-json\/wp\/v2\/categories?post=242787"},{"taxonomy":"post_tag","embeddable":true,"href":"https:\/\/radiostargjilan.com\/web\/wp-json\/wp\/v2\/tags?post=242787"},{"taxonomy":"tmauthors","embeddable":true,"href":"https:\/\/radiostargjilan.com\/web\/wp-json\/wp\/v2\/tmauthors?post=242787"}],"curies":[{"name":"wp","href":"https:\/\/api.w.org\/{rel}","templated":true}]}}