{"id":242790,"date":"2026-08-31T22:11:27","date_gmt":"2026-08-31T20:11:27","guid":{"rendered":"https:\/\/radiostargjilan.com\/web\/?p=242790"},"modified":"2026-08-31T22:11:27","modified_gmt":"2026-08-31T20:11:27","slug":"ujdia-presidenciale-vv-ldk-hamza-se-di-a-do-ti-kene-numrat-ska-vote-nga-pdk","status":"publish","type":"post","link":"https:\/\/radiostargjilan.com\/web\/ujdia-presidenciale-vv-ldk-hamza-se-di-a-do-ti-kene-numrat-ska-vote-nga-pdk\/","title":{"rendered":"Ujdia presidenciale VV-LDK, Hamza: S\u2019e di a do t\u2019i ken\u00eb numrat \u2013 s\u2019ka vot\u00eb nga PDK"},"content":{"rendered":"<p>Kryetari i Partis\u00eb Demokratike t\u00eb Kosov\u00ebs, Bedri Hamza, ka folur p\u00ebr marr\u00ebveshjen e arritur sot n\u00eb mes VV-s\u00eb dhe LDK-s\u00eb q\u00eb kandidati p\u00ebr president t\u00eb jet\u00eb Bekim Sejdiu, duke th\u00ebn\u00eb se \u201cnuk e di a do t\u2019i ken\u00eb numrat\u201d.<\/p>\n<p>Hamza tha se VV-ja e LDK-ja matematikisht i kan\u00eb numrat p\u00ebr Sejdiun, por se a do t\u00eb q\u00ebndrojn\u00eb t\u00eb gjith\u00eb deputet\u00ebt e tyre n\u00eb sall\u00eb p\u00ebr k\u00ebt\u00eb em\u00ebr, \u00ebsht\u00eb \u00e7\u00ebshtje e k\u00ebtyre dy partive.<\/p>\n<p>\u201cAta kan\u00eb negociuar q\u00eb disa muaj. Kan\u00eb arritur marr\u00ebveshje, nuk e di a do t\u2019i ken\u00eb numrat, matematikisht i kan\u00eb, por me qen\u00eb t\u00eb gjith\u00eb prezent\u00eb dhe t\u00eb votojn\u00eb \u00ebsht\u00eb \u00e7\u00ebshtje e k\u00ebtyre dy subjekteve. Nuk kemi ndonj\u00eb q\u00ebndrim (p\u00ebr kandidatin p\u00ebr president) p\u00ebr shkak se nuk \u00ebsht\u00eb propozim i yni. E njohim z. Sejdiu, e njohim edhe angazhimin e tij n\u00eb t\u00eb kaluar\u00ebn, k\u00ebshtu q\u00eb nuk \u00ebsht\u00eb figur\u00eb e panjohur p\u00ebr neve. Ata kan\u00eb negociuar, ka negociuar VV-ja me LDK-n\u00eb dhe ne kemi deklaruar pozicionin ton\u00eb, pozicioni yn\u00eb ka qen\u00eb i qart\u00eb. Kemi fol p\u00ebr marr\u00ebveshje gjith\u00ebp\u00ebrfshir\u00ebse politike, nuk ka qen\u00eb n\u00eb tavolin\u00eb kjo tem\u00eb dhe kemi deklaruar se ne q\u00ebndrojm\u00eb n\u00eb opozit\u00eb dhe do ta luajm\u00eb rolin ton\u00eb si parti politike n\u00eb opozit\u00eb p\u00ebrbrenda kuvendit dhe normalisht se do t\u00eb kemi edhe kritika edhe q\u00ebndrime t\u00eb caktuara n\u00eb raport me veprime t\u00eb caktuara por do t\u00eb kemi edhe alternativa dhe do t\u00eb kemi edhe p\u00ebrkrahje p\u00ebr t\u00eb gjitha iniciativat q\u00eb jan\u00eb n\u00eb dobi dhe n\u00eb interes t\u00eb vendit ton\u00eb\u201d, tha Hamza.<\/p>\n<p>Ai po ashtu foli edhe p\u00ebr mund\u00ebsin\u00eb e \u201crrjedhjes\u201d s\u00eb ndonj\u00eb vote p\u00ebr Sejdiun nga Grupi Parlamentar i PDK-s\u00eb, duke th\u00ebn\u00eb se nuk pret q\u00eb t\u00eb ket\u00eb devijime nga q\u00ebndrimet e partis\u00eb.<\/p>\n<p>Kuvendi i Kosov\u00ebs ende nuk \u00ebsht\u00eb konstituuar, pasi n\u00eb dy tentimet e deritanishme nuk \u00ebsht\u00eb arritur t\u00eb zgjidhet kryetari i Kuvendit dhe t\u00eb p\u00ebrmbyllet procesi i konstituimit t\u00eb Legjislatur\u00ebs s\u00eb 11-t\u00eb.<\/p>\n<p>Seanca konstituive po vazhdon t\u00eb jet\u00eb n\u00eb qend\u00ebr t\u00eb p\u00ebrplasjeve mes partive parlamentare, nd\u00ebrsa d\u00ebshtimi p\u00ebr formimin e institucioneve po e zgjat kriz\u00ebn politike n\u00eb vend. Kryeministri n\u00eb detyr\u00eb, Albin Kurti, ka k\u00ebrkuar koh\u00eb p\u00ebr arritjen e nj\u00eb marr\u00ebveshjeje politike, n\u00eb p\u00ebrpjekje p\u00ebr t\u2019i hapur rrug\u00eb konstituimit t\u00eb Kuvendit dhe formimit t\u00eb institucioneve t\u00eb reja. Megjithat\u00eb, Partia Demokratike e Kosov\u00ebs dhe Aleanca kan\u00eb vazhduar aksionet politike p\u00ebr t\u00eb k\u00ebrkuar mbajtjen e seanc\u00ebs konstituive.<\/p>\n","protected":false},"excerpt":{"rendered":"<p>Kryetari i Partis\u00eb Demokratike t\u00eb Kosov\u00ebs, Bedri Hamza, ka folur p\u00ebr marr\u00ebveshjen e arritur sot n\u00eb mes VV-s\u00eb dhe LDK-s\u00eb q\u00eb kandidati p\u00ebr president t\u00eb jet\u00eb Bekim Sejdiu, duke th\u00ebn\u00eb se \u201cnuk e di a do t\u2019i ken\u00eb numrat\u201d. Hamza tha se VV-ja e LDK-ja matematikisht i kan\u00eb numrat p\u00ebr Sejdiun, por se a do [&hellip;]<\/p>\n","protected":false},"author":1,"featured_media":242791,"comment_status":"closed","ping_status":"closed","sticky":false,"template":"","format":"standard","meta":{"footnotes":""},"categories":[5],"tags":[],"tmauthors":[136],"class_list":["post-242790","post","type-post","status-publish","format-standard","has-post-thumbnail","category-lajme"],"_links":{"self":[{"href":"https:\/\/radiostargjilan.com\/web\/wp-json\/wp\/v2\/posts\/242790","targetHints":{"allow":["GET"]}}],"collection":[{"href":"https:\/\/radiostargjilan.com\/web\/wp-json\/wp\/v2\/posts"}],"about":[{"href":"https:\/\/radiostargjilan.com\/web\/wp-json\/wp\/v2\/types\/post"}],"author":[{"embeddable":true,"href":"https:\/\/radiostargjilan.com\/web\/wp-json\/wp\/v2\/users\/1"}],"replies":[{"embeddable":true,"href":"https:\/\/radiostargjilan.com\/web\/wp-json\/wp\/v2\/comments?post=242790"}],"version-history":[{"count":1,"href":"https:\/\/radiostargjilan.com\/web\/wp-json\/wp\/v2\/posts\/242790\/revisions"}],"predecessor-version":[{"id":242792,"href":"https:\/\/radiostargjilan.com\/web\/wp-json\/wp\/v2\/posts\/242790\/revisions\/242792"}],"wp:featuredmedia":[{"embeddable":true,"href":"https:\/\/radiostargjilan.com\/web\/wp-json\/wp\/v2\/media\/242791"}],"wp:attachment":[{"href":"https:\/\/radiostargjilan.com\/web\/wp-json\/wp\/v2\/media?parent=242790"}],"wp:term":[{"taxonomy":"category","embeddable":true,"href":"https:\/\/radiostargjilan.com\/web\/wp-json\/wp\/v2\/categories?post=242790"},{"taxonomy":"post_tag","embeddable":true,"href":"https:\/\/radiostargjilan.com\/web\/wp-json\/wp\/v2\/tags?post=242790"},{"taxonomy":"tmauthors","embeddable":true,"href":"https:\/\/radiostargjilan.com\/web\/wp-json\/wp\/v2\/tmauthors?post=242790"}],"curies":[{"name":"wp","href":"https:\/\/api.w.org\/{rel}","templated":true}]}}