{"id":242794,"date":"2026-08-31T22:27:29","date_gmt":"2026-08-31T20:27:29","guid":{"rendered":"https:\/\/radiostargjilan.com\/web\/?p=242794"},"modified":"2026-08-31T22:27:29","modified_gmt":"2026-08-31T20:27:29","slug":"kadri-rahimaj-takon-mesimdhenesit-ne-prag-te-fillimit-te-vitit-te-ri-shkollor","status":"publish","type":"post","link":"https:\/\/radiostargjilan.com\/web\/kadri-rahimaj-takon-mesimdhenesit-ne-prag-te-fillimit-te-vitit-te-ri-shkollor\/","title":{"rendered":"Kadri Rahimaj takon m\u00ebsimdh\u00ebn\u00ebsit n\u00eb prag t\u00eb fillimit t\u00eb vitit t\u00eb ri shkollor"},"content":{"rendered":"<p>Kryetari i Komun\u00ebs s\u00eb Kamenic\u00ebs, Kadri Rahimaj, n\u00eb prag t\u00eb fillimit t\u00eb vitit t\u00eb ri shkollor 2026\/2027, \u00ebsht\u00eb takuar me m\u00ebsimdh\u00ebn\u00ebsit e komun\u00ebs, me t\u00eb cil\u00ebt ka diskutuar p\u00ebr sfidat, pun\u00ebn e realizuar dhe prioritetet n\u00eb fush\u00ebn e arsimit.<\/p>\n<p>Rahimaj ka vler\u00ebsuar rolin dhe p\u00ebrkushtimin e m\u00ebsimdh\u00ebn\u00ebsve n\u00eb edukimin e brezave t\u00eb rinj, duke theksuar se investimet n\u00eb arsim jan\u00eb investime t\u00eb drejtp\u00ebrdrejta n\u00eb zhvillimin dhe t\u00eb ardhmen e Kamenic\u00ebs.<\/p>\n<p>Gjat\u00eb takimit \u00ebsht\u00eb diskutuar edhe p\u00ebr projektet e realizuara n\u00eb shkollat e komun\u00ebs, p\u00ebrmir\u00ebsimin e kushteve p\u00ebr nx\u00ebn\u00ebsit dhe m\u00ebsimdh\u00ebn\u00ebsit, si dhe mb\u00ebshtetjen p\u00ebr rritjen e cil\u00ebsis\u00eb n\u00eb arsim.<\/p>\n<p>Kryetari Rahimaj u ka shprehur mir\u00ebnjohje m\u00ebsimdh\u00ebn\u00ebsve p\u00ebr pun\u00ebn dhe p\u00ebrkushtimin e tyre, duke u uruar nj\u00eb vit t\u00eb ri shkollor t\u00eb suksessh\u00ebm.<\/p>\n<p>\u201cArsimi nuk \u00ebsht\u00eb vet\u00ebm nj\u00eb sektor i komun\u00ebs, \u00ebsht\u00eb themeli mbi t\u00eb cilin nd\u00ebrtohet e ardhmja e Kamenic\u00ebs\u201d, ka deklaruar Rahimaj.<\/p>\n<p>Ai ka uruar nx\u00ebn\u00ebsit dhe m\u00ebsimdh\u00ebn\u00ebsit p\u00ebr nj\u00eb vit t\u00eb mbar\u00eb shkollor 2026\/2027, me rezultate dhe suksese t\u00eb reja.<\/p>\n","protected":false},"excerpt":{"rendered":"<p>Kryetari i Komun\u00ebs s\u00eb Kamenic\u00ebs, Kadri Rahimaj, n\u00eb prag t\u00eb fillimit t\u00eb vitit t\u00eb ri shkollor 2026\/2027, \u00ebsht\u00eb takuar me m\u00ebsimdh\u00ebn\u00ebsit e komun\u00ebs, me t\u00eb cil\u00ebt ka diskutuar p\u00ebr sfidat, pun\u00ebn e realizuar dhe prioritetet n\u00eb fush\u00ebn e arsimit. Rahimaj ka vler\u00ebsuar rolin dhe p\u00ebrkushtimin e m\u00ebsimdh\u00ebn\u00ebsve n\u00eb edukimin e brezave t\u00eb rinj, duke theksuar [&hellip;]<\/p>\n","protected":false},"author":1,"featured_media":242795,"comment_status":"closed","ping_status":"closed","sticky":false,"template":"","format":"standard","meta":{"footnotes":""},"categories":[5],"tags":[],"tmauthors":[136],"class_list":["post-242794","post","type-post","status-publish","format-standard","has-post-thumbnail","category-lajme"],"_links":{"self":[{"href":"https:\/\/radiostargjilan.com\/web\/wp-json\/wp\/v2\/posts\/242794","targetHints":{"allow":["GET"]}}],"collection":[{"href":"https:\/\/radiostargjilan.com\/web\/wp-json\/wp\/v2\/posts"}],"about":[{"href":"https:\/\/radiostargjilan.com\/web\/wp-json\/wp\/v2\/types\/post"}],"author":[{"embeddable":true,"href":"https:\/\/radiostargjilan.com\/web\/wp-json\/wp\/v2\/users\/1"}],"replies":[{"embeddable":true,"href":"https:\/\/radiostargjilan.com\/web\/wp-json\/wp\/v2\/comments?post=242794"}],"version-history":[{"count":1,"href":"https:\/\/radiostargjilan.com\/web\/wp-json\/wp\/v2\/posts\/242794\/revisions"}],"predecessor-version":[{"id":242796,"href":"https:\/\/radiostargjilan.com\/web\/wp-json\/wp\/v2\/posts\/242794\/revisions\/242796"}],"wp:featuredmedia":[{"embeddable":true,"href":"https:\/\/radiostargjilan.com\/web\/wp-json\/wp\/v2\/media\/242795"}],"wp:attachment":[{"href":"https:\/\/radiostargjilan.com\/web\/wp-json\/wp\/v2\/media?parent=242794"}],"wp:term":[{"taxonomy":"category","embeddable":true,"href":"https:\/\/radiostargjilan.com\/web\/wp-json\/wp\/v2\/categories?post=242794"},{"taxonomy":"post_tag","embeddable":true,"href":"https:\/\/radiostargjilan.com\/web\/wp-json\/wp\/v2\/tags?post=242794"},{"taxonomy":"tmauthors","embeddable":true,"href":"https:\/\/radiostargjilan.com\/web\/wp-json\/wp\/v2\/tmauthors?post=242794"}],"curies":[{"name":"wp","href":"https:\/\/api.w.org\/{rel}","templated":true}]}}