{"id":242797,"date":"2026-08-31T22:38:14","date_gmt":"2026-08-31T20:38:14","guid":{"rendered":"https:\/\/radiostargjilan.com\/web\/?p=242797"},"modified":"2026-08-31T22:38:14","modified_gmt":"2026-08-31T20:38:14","slug":"neser-priten-reshje-shiu-mos-harroni-cadren","status":"publish","type":"post","link":"https:\/\/radiostargjilan.com\/web\/neser-priten-reshje-shiu-mos-harroni-cadren\/","title":{"rendered":"Nes\u00ebr priten reshje shiu, mos harroni \u00e7adr\u00ebn!"},"content":{"rendered":"<p>Instituti Hidrometeorologjik i Kosov\u00ebs ka njoftuar se gjat\u00eb dit\u00ebs s\u00eb ardhshme n\u00eb vend do t\u00eb mbaj\u00eb mot kryesisht me diell dhe vran\u00ebsira t\u00eb shp\u00ebrndara.<\/p>\n<p>Sipas IHMK-s\u00eb, n\u00eb disa zona vran\u00ebsirat mund t\u00eb shoq\u00ebrohen edhe me reshje shiu.<\/p>\n<p>Temperaturat minimale do t\u00eb l\u00ebvizin nd\u00ebrmjet 11 dhe 17 grad\u00eb Celsius, nd\u00ebrsa maksimalet pritet t\u00eb arrijn\u00eb nga 28 deri n\u00eb 33 grad\u00eb Celsius.<\/p>\n<p>Era do t\u00eb fryj\u00eb nga verilindja, me shpejt\u00ebsi prej 1 deri n\u00eb 7 metra p\u00ebr sekond\u00eb.<\/p>\n","protected":false},"excerpt":{"rendered":"<p>Instituti Hidrometeorologjik i Kosov\u00ebs ka njoftuar se gjat\u00eb dit\u00ebs s\u00eb ardhshme n\u00eb vend do t\u00eb mbaj\u00eb mot kryesisht me diell dhe vran\u00ebsira t\u00eb shp\u00ebrndara. Sipas IHMK-s\u00eb, n\u00eb disa zona vran\u00ebsirat mund t\u00eb shoq\u00ebrohen edhe me reshje shiu. Temperaturat minimale do t\u00eb l\u00ebvizin nd\u00ebrmjet 11 dhe 17 grad\u00eb Celsius, nd\u00ebrsa maksimalet pritet t\u00eb arrijn\u00eb nga 28 [&hellip;]<\/p>\n","protected":false},"author":1,"featured_media":242798,"comment_status":"closed","ping_status":"closed","sticky":false,"template":"","format":"standard","meta":{"footnotes":""},"categories":[5],"tags":[],"tmauthors":[136],"class_list":["post-242797","post","type-post","status-publish","format-standard","has-post-thumbnail","category-lajme"],"_links":{"self":[{"href":"https:\/\/radiostargjilan.com\/web\/wp-json\/wp\/v2\/posts\/242797","targetHints":{"allow":["GET"]}}],"collection":[{"href":"https:\/\/radiostargjilan.com\/web\/wp-json\/wp\/v2\/posts"}],"about":[{"href":"https:\/\/radiostargjilan.com\/web\/wp-json\/wp\/v2\/types\/post"}],"author":[{"embeddable":true,"href":"https:\/\/radiostargjilan.com\/web\/wp-json\/wp\/v2\/users\/1"}],"replies":[{"embeddable":true,"href":"https:\/\/radiostargjilan.com\/web\/wp-json\/wp\/v2\/comments?post=242797"}],"version-history":[{"count":1,"href":"https:\/\/radiostargjilan.com\/web\/wp-json\/wp\/v2\/posts\/242797\/revisions"}],"predecessor-version":[{"id":242799,"href":"https:\/\/radiostargjilan.com\/web\/wp-json\/wp\/v2\/posts\/242797\/revisions\/242799"}],"wp:featuredmedia":[{"embeddable":true,"href":"https:\/\/radiostargjilan.com\/web\/wp-json\/wp\/v2\/media\/242798"}],"wp:attachment":[{"href":"https:\/\/radiostargjilan.com\/web\/wp-json\/wp\/v2\/media?parent=242797"}],"wp:term":[{"taxonomy":"category","embeddable":true,"href":"https:\/\/radiostargjilan.com\/web\/wp-json\/wp\/v2\/categories?post=242797"},{"taxonomy":"post_tag","embeddable":true,"href":"https:\/\/radiostargjilan.com\/web\/wp-json\/wp\/v2\/tags?post=242797"},{"taxonomy":"tmauthors","embeddable":true,"href":"https:\/\/radiostargjilan.com\/web\/wp-json\/wp\/v2\/tmauthors?post=242797"}],"curies":[{"name":"wp","href":"https:\/\/api.w.org\/{rel}","templated":true}]}}