{"id":242806,"date":"2026-09-01T07:54:42","date_gmt":"2026-09-01T05:54:42","guid":{"rendered":"https:\/\/radiostargjilan.com\/web\/?p=242806"},"modified":"2026-09-01T07:54:42","modified_gmt":"2026-09-01T05:54:42","slug":"cenimi-i-kompetencave-nga-niveli-qendror-komunat-e-kosoves-protestojne","status":"publish","type":"post","link":"https:\/\/radiostargjilan.com\/web\/cenimi-i-kompetencave-nga-niveli-qendror-komunat-e-kosoves-protestojne\/","title":{"rendered":"Cenimi i kompetencave nga niveli qendror: Komunat e Kosov\u00ebs protestojn\u00eb"},"content":{"rendered":"<p>Komunat e Kosov\u00ebs sot do t\u00eb protestojn\u00eb n\u00eb Prishtin\u00eb, kund\u00ebr asaj q\u00eb e konsiderojn\u00eb cenim t\u00eb kompetencave dhe t\u00eb drejtave t\u00eb tyre ligjore nga niveli qendror.<\/p>\n<p>Protesta \u00ebsht\u00eb organizuar nga Asociacioni i Komunave t\u00eb Kosov\u00ebs dhe do t\u00eb mbahet n\u00eb or\u00ebn 11:00, n\u00eb sheshin \u201cSk\u00ebnderbeu\u201d.<\/p>\n<p>Organizator\u00ebt e kan\u00eb cil\u00ebsuar at\u00eb si protest\u00eb paq\u00ebsore, institucionale dhe jopartiake, transmeton Klankosova.tv.<\/p>\n<p>Nd\u00ebrkoh\u00eb, kryetar\u00ebt e komunave kan\u00eb ngritur shqet\u00ebsime p\u00ebr shkurtimet buxhetore, financimin e m\u00ebsimdh\u00ebn\u00ebsve, kompensimin e d\u00ebmeve nga fatkeq\u00ebsit\u00eb natyrore, si dhe p\u00ebr nd\u00ebrhyrjet e pretenduara t\u00eb nivelit qendror n\u00eb kompetencat komunale.<\/p>\n","protected":false},"excerpt":{"rendered":"<p>Komunat e Kosov\u00ebs sot do t\u00eb protestojn\u00eb n\u00eb Prishtin\u00eb, kund\u00ebr asaj q\u00eb e konsiderojn\u00eb cenim t\u00eb kompetencave dhe t\u00eb drejtave t\u00eb tyre ligjore nga niveli qendror. Protesta \u00ebsht\u00eb organizuar nga Asociacioni i Komunave t\u00eb Kosov\u00ebs dhe do t\u00eb mbahet n\u00eb or\u00ebn 11:00, n\u00eb sheshin \u201cSk\u00ebnderbeu\u201d. Organizator\u00ebt e kan\u00eb cil\u00ebsuar at\u00eb si protest\u00eb paq\u00ebsore, institucionale dhe [&hellip;]<\/p>\n","protected":false},"author":1,"featured_media":242807,"comment_status":"closed","ping_status":"closed","sticky":false,"template":"","format":"standard","meta":{"footnotes":""},"categories":[5],"tags":[],"tmauthors":[136],"class_list":["post-242806","post","type-post","status-publish","format-standard","has-post-thumbnail","category-lajme"],"_links":{"self":[{"href":"https:\/\/radiostargjilan.com\/web\/wp-json\/wp\/v2\/posts\/242806","targetHints":{"allow":["GET"]}}],"collection":[{"href":"https:\/\/radiostargjilan.com\/web\/wp-json\/wp\/v2\/posts"}],"about":[{"href":"https:\/\/radiostargjilan.com\/web\/wp-json\/wp\/v2\/types\/post"}],"author":[{"embeddable":true,"href":"https:\/\/radiostargjilan.com\/web\/wp-json\/wp\/v2\/users\/1"}],"replies":[{"embeddable":true,"href":"https:\/\/radiostargjilan.com\/web\/wp-json\/wp\/v2\/comments?post=242806"}],"version-history":[{"count":1,"href":"https:\/\/radiostargjilan.com\/web\/wp-json\/wp\/v2\/posts\/242806\/revisions"}],"predecessor-version":[{"id":242808,"href":"https:\/\/radiostargjilan.com\/web\/wp-json\/wp\/v2\/posts\/242806\/revisions\/242808"}],"wp:featuredmedia":[{"embeddable":true,"href":"https:\/\/radiostargjilan.com\/web\/wp-json\/wp\/v2\/media\/242807"}],"wp:attachment":[{"href":"https:\/\/radiostargjilan.com\/web\/wp-json\/wp\/v2\/media?parent=242806"}],"wp:term":[{"taxonomy":"category","embeddable":true,"href":"https:\/\/radiostargjilan.com\/web\/wp-json\/wp\/v2\/categories?post=242806"},{"taxonomy":"post_tag","embeddable":true,"href":"https:\/\/radiostargjilan.com\/web\/wp-json\/wp\/v2\/tags?post=242806"},{"taxonomy":"tmauthors","embeddable":true,"href":"https:\/\/radiostargjilan.com\/web\/wp-json\/wp\/v2\/tmauthors?post=242806"}],"curies":[{"name":"wp","href":"https:\/\/api.w.org\/{rel}","templated":true}]}}