{"id":242809,"date":"2026-09-01T07:56:35","date_gmt":"2026-09-01T05:56:35","guid":{"rendered":"https:\/\/radiostargjilan.com\/web\/?p=242809"},"modified":"2026-09-01T07:56:35","modified_gmt":"2026-09-01T05:56:35","slug":"shkollat-hapin-dyert-nga-sot-nis-viti-i-ri-shkollor","status":"publish","type":"post","link":"https:\/\/radiostargjilan.com\/web\/shkollat-hapin-dyert-nga-sot-nis-viti-i-ri-shkollor\/","title":{"rendered":"Shkollat hapin dyert: Nga sot nis viti i ri shkollor"},"content":{"rendered":"<p>Mij\u00ebra nx\u00ebn\u00ebs n\u00eb t\u00eb gjith\u00eb Kosov\u00ebn sot i rikthehen bankave shkollore, duke sh\u00ebnuar fillimin e vitit t\u00eb ri shkollor 2026\/2027.<\/p>\n<p>Pas p\u00ebrfundimit t\u00eb pushimeve verore, nx\u00ebn\u00ebsit nga klasat e para deri te ato t\u00eb arsimit t\u00eb mes\u00ebm rikthehen n\u00eb procesin m\u00ebsimor.<\/p>\n<p>Me nisjen e vitit t\u00eb ri shkollor, m\u00ebsimdh\u00ebn\u00ebsit dhe institucionet arsimore kan\u00eb p\u00ebrpara nj\u00eb tjet\u00ebr vit me synim p\u00ebrmir\u00ebsimin e cil\u00ebsis\u00eb s\u00eb arsimit dhe krijimin e kushteve sa m\u00eb t\u00eb mira p\u00ebr nx\u00ebn\u00ebsit.<\/p>\n","protected":false},"excerpt":{"rendered":"<p>Mij\u00ebra nx\u00ebn\u00ebs n\u00eb t\u00eb gjith\u00eb Kosov\u00ebn sot i rikthehen bankave shkollore, duke sh\u00ebnuar fillimin e vitit t\u00eb ri shkollor 2026\/2027. Pas p\u00ebrfundimit t\u00eb pushimeve verore, nx\u00ebn\u00ebsit nga klasat e para deri te ato t\u00eb arsimit t\u00eb mes\u00ebm rikthehen n\u00eb procesin m\u00ebsimor. Me nisjen e vitit t\u00eb ri shkollor, m\u00ebsimdh\u00ebn\u00ebsit dhe institucionet arsimore kan\u00eb p\u00ebrpara nj\u00eb [&hellip;]<\/p>\n","protected":false},"author":1,"featured_media":241825,"comment_status":"closed","ping_status":"closed","sticky":false,"template":"","format":"standard","meta":{"footnotes":""},"categories":[5],"tags":[],"tmauthors":[136],"class_list":["post-242809","post","type-post","status-publish","format-standard","has-post-thumbnail","category-lajme"],"_links":{"self":[{"href":"https:\/\/radiostargjilan.com\/web\/wp-json\/wp\/v2\/posts\/242809","targetHints":{"allow":["GET"]}}],"collection":[{"href":"https:\/\/radiostargjilan.com\/web\/wp-json\/wp\/v2\/posts"}],"about":[{"href":"https:\/\/radiostargjilan.com\/web\/wp-json\/wp\/v2\/types\/post"}],"author":[{"embeddable":true,"href":"https:\/\/radiostargjilan.com\/web\/wp-json\/wp\/v2\/users\/1"}],"replies":[{"embeddable":true,"href":"https:\/\/radiostargjilan.com\/web\/wp-json\/wp\/v2\/comments?post=242809"}],"version-history":[{"count":1,"href":"https:\/\/radiostargjilan.com\/web\/wp-json\/wp\/v2\/posts\/242809\/revisions"}],"predecessor-version":[{"id":242810,"href":"https:\/\/radiostargjilan.com\/web\/wp-json\/wp\/v2\/posts\/242809\/revisions\/242810"}],"wp:featuredmedia":[{"embeddable":true,"href":"https:\/\/radiostargjilan.com\/web\/wp-json\/wp\/v2\/media\/241825"}],"wp:attachment":[{"href":"https:\/\/radiostargjilan.com\/web\/wp-json\/wp\/v2\/media?parent=242809"}],"wp:term":[{"taxonomy":"category","embeddable":true,"href":"https:\/\/radiostargjilan.com\/web\/wp-json\/wp\/v2\/categories?post=242809"},{"taxonomy":"post_tag","embeddable":true,"href":"https:\/\/radiostargjilan.com\/web\/wp-json\/wp\/v2\/tags?post=242809"},{"taxonomy":"tmauthors","embeddable":true,"href":"https:\/\/radiostargjilan.com\/web\/wp-json\/wp\/v2\/tmauthors?post=242809"}],"curies":[{"name":"wp","href":"https:\/\/api.w.org\/{rel}","templated":true}]}}