{"id":242818,"date":"2026-09-01T09:48:34","date_gmt":"2026-09-01T07:48:34","guid":{"rendered":"https:\/\/radiostargjilan.com\/web\/?p=242818"},"modified":"2026-09-01T09:48:34","modified_gmt":"2026-09-01T07:48:34","slug":"veprimtaret-e-njohur-shqiptaro-amerikane-mbeshtesin-bekim-sejdiun-per-president-ja-letra-e-tyre-per-lideret-e-kosoves","status":"publish","type":"post","link":"https:\/\/radiostargjilan.com\/web\/veprimtaret-e-njohur-shqiptaro-amerikane-mbeshtesin-bekim-sejdiun-per-president-ja-letra-e-tyre-per-lideret-e-kosoves\/","title":{"rendered":"Veprimtar\u00ebt e njohur shqiptaro-amerikan\u00eb mb\u00ebshtesin Bekim Sejdiun p\u00ebr President \u2013 ja letra e tyre p\u00ebr lider\u00ebt e Kosov\u00ebs"},"content":{"rendered":"<p>Aktivist\u00eb dhe veprimtar\u00eb t\u00eb njohur shqiptaro-amerikan\u00eb i kan\u00eb d\u00ebrguat nj\u00eb let\u00ebr lider\u00ebve politik n\u00eb Kosov\u00eb dhe deputet\u00ebve p\u00ebr t\u00eb mb\u00ebshtetur Bekim Sejdiun p\u00ebr President.<\/p>\n<p>\u201cNe kemi ndjekur nga af\u00ebr procesin e nominimit presidencial n\u00eb Kosov\u00eb dhe me respekt i b\u00ebjm\u00eb thirrje Kuvendit q\u00eb t\u00eb zgjedh\u00eb Dr. Bekim Sejdiun. Si ish-diplomat dhe ish-gjyqtar i Gjykat\u00ebs Kushtetuese, Dr. Sejdiu ka p\u00ebrvoj\u00ebn e gjer\u00eb dhe integritetin e nevojsh\u00ebm p\u00ebr ta bashkuar vendin dhe p\u00ebr ta forcuar marr\u00ebdh\u00ebnien e Kosov\u00ebs me Shtetet e Bashkuara t\u00eb Amerik\u00ebs.<\/p>\n<p>Kemi pasur k\u00ebnaq\u00ebsin\u00eb e madhe t\u00eb punojm\u00eb s\u00eb bashku me Dr. Sejdiun gjat\u00eb koh\u00ebs kur ai sh\u00ebrbeu si Konsull i P\u00ebrgjithsh\u00ebm n\u00eb Nju Jork. Dr. Sejdiu luajti nj\u00eb rol t\u00eb r\u00ebnd\u00ebsish\u00ebm n\u00eb afrimin dhe lidhjen e diaspor\u00ebs shqiptare n\u00eb SHBA dhe Kosov\u00eb. Ne punuam pa u lodhur p\u00ebr organizimin e aktiviteteve kulturore, hapjen e shkollave n\u00eb gjuh\u00ebn shqipe dhe lobimin p\u00ebr Kosov\u00ebn n\u00eb qarqet m\u00eb t\u00eb larta politike n\u00eb Nju Jork dhe Uashington, D.C.\u201d, thuhet mes tjerash n\u00eb letr\u00ebn e tyre.<\/p>\n<p>Letra e plot\u00eb:<\/p>\n<p>T\u00eb nderuar lider\u00eb politik\u00eb dhe an\u00ebtar\u00eb t\u00eb Kuvendit t\u00eb Republik\u00ebs s\u00eb Kosov\u00ebs,<\/p>\n<p>Po ju drejtohemi p\u00ebr t\u00eb shprehur mb\u00ebshtetjen ton\u00eb t\u00eb p\u00ebrbashk\u00ebt p\u00ebr zgjedhjen e Dr. Bekim Sejdiut si President i ardhsh\u00ebm i Republik\u00ebs s\u00eb Kosov\u00ebs.<\/p>\n<p>Ne kemi ndjekur nga af\u00ebr procesin e nominimit presidencial n\u00eb Kosov\u00eb dhe me respekt i b\u00ebjm\u00eb thirrje Kuvendit q\u00eb t\u00eb zgjedh\u00eb Dr. Bekim Sejdiun. Si ish-diplomat dhe ish-gjyqtar i Gjykat\u00ebs Kushtetuese, Dr. Sejdiu ka p\u00ebrvoj\u00ebn e gjer\u00eb dhe integritetin e nevojsh\u00ebm p\u00ebr ta bashkuar vendin dhe p\u00ebr ta forcuar marr\u00ebdh\u00ebnien e Kosov\u00ebs me Shtetet e Bashkuara t\u00eb Amerik\u00ebs.<\/p>\n<p>Kemi pasur k\u00ebnaq\u00ebsin\u00eb e madhe t\u00eb punojm\u00eb s\u00eb bashku me Dr. Sejdiun gjat\u00eb koh\u00ebs kur ai sh\u00ebrbeu si Konsull i P\u00ebrgjithsh\u00ebm n\u00eb Nju Jork. Dr. Sejdiu luajti nj\u00eb rol t\u00eb r\u00ebnd\u00ebsish\u00ebm n\u00eb afrimin dhe lidhjen e diaspor\u00ebs shqiptare n\u00eb SHBA dhe Kosov\u00eb. Ne punuam pa u lodhur p\u00ebr organizimin e aktiviteteve kulturore, hapjen e shkollave n\u00eb gjuh\u00ebn shqipe dhe lobimin p\u00ebr Kosov\u00ebn n\u00eb qarqet m\u00eb t\u00eb larta politike n\u00eb Nju Jork dhe Uashington, D.C.<\/p>\n<p>N\u00eb k\u00ebt\u00eb koh\u00eb kritike, Kosov\u00ebs i nevojitet nj\u00eb kreu shteti q\u00eb g\u00ebzon respekt t\u00eb thell\u00eb institucional dhe q\u00eb ka nj\u00eb t\u00eb kaluar t\u00eb d\u00ebshmuar n\u00eb sh\u00ebrbim t\u00eb publikut.<\/p>\n<p>Formimi i spikatur juridik dhe p\u00ebrvoja diplomatike e Dr. Sejdiut e b\u00ebjn\u00eb at\u00eb jasht\u00ebzakonisht t\u00eb kualifikuar p\u00ebr ta p\u00ebrfaq\u00ebsuar shtetin me dinjitet n\u00eb sken\u00ebn nd\u00ebrkomb\u00ebtare.<\/p>\n<p>P\u00ebr t\u00eb siguruar nj\u00eb t\u00eb ardhme t\u00eb q\u00ebndrueshme dhe t\u00eb begat\u00eb p\u00ebr atdheun ton\u00eb, me respekt u b\u00ebjm\u00eb thirrje t\u00eb gjitha partive politike n\u00eb Kuvend q\u00eb t\u00eb bashkohen dhe ta mb\u00ebshtesin kandidatur\u00ebn e Dr. Bekim Sejdiut p\u00ebr President t\u00eb Kosov\u00ebs.<\/p>\n<p>N\u00eb solidaritet,<\/p>\n<p>Elio Ahmetaj<br \/>\nHarry Bajraktari<br \/>\nVehbi Bajrami<br \/>\nEkrem Bardha<br \/>\nRamazan Bekteshi<br \/>\nIlmi Berisha<br \/>\nCafo Boga<br \/>\nMusa Dakaj<br \/>\nGjevalin Gegaj<br \/>\nMark Gjonaj<\/p>\n<p>Adrian Grajcevci<br \/>\nRamazan Hajdini<br \/>\nJoe Haliti<br \/>\nAgim Ismaili<br \/>\nIljaz Kadriu<br \/>\nRichard Lukaj<br \/>\nBesim Malota<br \/>\nHalil Mula<br \/>\nGino Mulliqi<br \/>\nAdrian Neritani<\/p>\n<p>Bruno Selimaj<br \/>\nGani Shehu<br \/>\nBeqir Sina<br \/>\nIsmet Smaili<br \/>\nDoc Vraniqi<br \/>\nMartin Vulaj<br \/>\nShpresa Xhakli<br \/>\nJim Xhema<\/p>\n<p><a href=\"https:\/\/radiostargjilan.com\/web\/wp-content\/uploads\/2026\/09\/IMG_0508.webp\"><img loading=\"lazy\" loading=\"lazy\" decoding=\"async\" src=\"https:\/\/radiostargjilan.com\/web\/wp-content\/uploads\/2026\/09\/IMG_0508.webp\" alt=\"\" width=\"514\" height=\"657\" class=\"alignnone size-full wp-image-242819\" srcset=\"https:\/\/radiostargjilan.com\/web\/wp-content\/uploads\/2026\/09\/IMG_0508.webp 514w, https:\/\/radiostargjilan.com\/web\/wp-content\/uploads\/2026\/09\/IMG_0508-235x300.webp 235w\" sizes=\"auto, (max-width: 514px) 100vw, 514px\" \/><\/a><\/p>\n","protected":false},"excerpt":{"rendered":"<p>Aktivist\u00eb dhe veprimtar\u00eb t\u00eb njohur shqiptaro-amerikan\u00eb i kan\u00eb d\u00ebrguat nj\u00eb let\u00ebr lider\u00ebve politik n\u00eb Kosov\u00eb dhe deputet\u00ebve p\u00ebr t\u00eb mb\u00ebshtetur Bekim Sejdiun p\u00ebr President. \u201cNe kemi ndjekur nga af\u00ebr procesin e nominimit presidencial n\u00eb Kosov\u00eb dhe me respekt i b\u00ebjm\u00eb thirrje Kuvendit q\u00eb t\u00eb zgjedh\u00eb Dr. Bekim Sejdiun. Si ish-diplomat dhe ish-gjyqtar i Gjykat\u00ebs Kushtetuese, [&hellip;]<\/p>\n","protected":false},"author":1,"featured_media":242820,"comment_status":"closed","ping_status":"closed","sticky":false,"template":"","format":"standard","meta":{"footnotes":""},"categories":[5],"tags":[],"tmauthors":[136],"class_list":["post-242818","post","type-post","status-publish","format-standard","has-post-thumbnail","category-lajme"],"_links":{"self":[{"href":"https:\/\/radiostargjilan.com\/web\/wp-json\/wp\/v2\/posts\/242818","targetHints":{"allow":["GET"]}}],"collection":[{"href":"https:\/\/radiostargjilan.com\/web\/wp-json\/wp\/v2\/posts"}],"about":[{"href":"https:\/\/radiostargjilan.com\/web\/wp-json\/wp\/v2\/types\/post"}],"author":[{"embeddable":true,"href":"https:\/\/radiostargjilan.com\/web\/wp-json\/wp\/v2\/users\/1"}],"replies":[{"embeddable":true,"href":"https:\/\/radiostargjilan.com\/web\/wp-json\/wp\/v2\/comments?post=242818"}],"version-history":[{"count":1,"href":"https:\/\/radiostargjilan.com\/web\/wp-json\/wp\/v2\/posts\/242818\/revisions"}],"predecessor-version":[{"id":242821,"href":"https:\/\/radiostargjilan.com\/web\/wp-json\/wp\/v2\/posts\/242818\/revisions\/242821"}],"wp:featuredmedia":[{"embeddable":true,"href":"https:\/\/radiostargjilan.com\/web\/wp-json\/wp\/v2\/media\/242820"}],"wp:attachment":[{"href":"https:\/\/radiostargjilan.com\/web\/wp-json\/wp\/v2\/media?parent=242818"}],"wp:term":[{"taxonomy":"category","embeddable":true,"href":"https:\/\/radiostargjilan.com\/web\/wp-json\/wp\/v2\/categories?post=242818"},{"taxonomy":"post_tag","embeddable":true,"href":"https:\/\/radiostargjilan.com\/web\/wp-json\/wp\/v2\/tags?post=242818"},{"taxonomy":"tmauthors","embeddable":true,"href":"https:\/\/radiostargjilan.com\/web\/wp-json\/wp\/v2\/tmauthors?post=242818"}],"curies":[{"name":"wp","href":"https:\/\/api.w.org\/{rel}","templated":true}]}}