{"id":242826,"date":"2026-09-01T10:34:25","date_gmt":"2026-09-01T08:34:25","guid":{"rendered":"https:\/\/radiostargjilan.com\/web\/?p=242826"},"modified":"2026-09-01T10:34:25","modified_gmt":"2026-09-01T08:34:25","slug":"hyseni-kritikon-asociacionin-e-komunave-duhet-te-jete-zeri-i-te-gjitha-38-komunave-jo-mekanizem-per-perplasje-politike","status":"publish","type":"post","link":"https:\/\/radiostargjilan.com\/web\/hyseni-kritikon-asociacionin-e-komunave-duhet-te-jete-zeri-i-te-gjitha-38-komunave-jo-mekanizem-per-perplasje-politike\/","title":{"rendered":"Hyseni kritikon Asociacionin e Komunave: \u201cDuhet t\u00eb jet\u00eb z\u00ebri i t\u00eb gjitha 38 komunave, jo mekaniz\u00ebm p\u00ebr p\u00ebrplasje politike\u201d"},"content":{"rendered":"<p>Kryetari i Gjilanit, Alban Hyseni, ka kritikuar qasjen e Asociacionit t\u00eb Komunave t\u00eb Kosov\u00ebs, duke th\u00ebn\u00eb se ai duhet t\u00eb p\u00ebrfaq\u00ebsoj\u00eb t\u00eb gjitha 38 komunat dhe jo t\u00eb p\u00ebrdoret p\u00ebr p\u00ebrplasje politike me Qeverin\u00eb.<\/p>\n<div class=\"iframely-embed\">\n<div class=\"iframely-responsive\" style=\"height: 140px; padding-bottom: 0;\"><a href=\"https:\/\/www.facebook.com\/albanhysenilvv\/posts\/asociacioni-i-komunave-t%C3%AB-kosov%C3%ABs-duhet-t%C3%AB-jet%C3%AB-z%C3%ABri-i-t%C3%AB-gjitha-38-komunave-jo-\/1680862870715461\/\" data-iframely-url=\"https:\/\/iframely.net\/eH1Po0Ek?theme=dark\"><\/a><\/div>\n<\/div>\n<p><script async src=\"https:\/\/iframely.net\/embed.js\"><\/script><\/p>\n","protected":false},"excerpt":{"rendered":"<p>Kryetari i Gjilanit, Alban Hyseni, ka kritikuar qasjen e Asociacionit t\u00eb Komunave t\u00eb Kosov\u00ebs, duke th\u00ebn\u00eb se ai duhet t\u00eb p\u00ebrfaq\u00ebsoj\u00eb t\u00eb gjitha 38 komunat dhe jo t\u00eb p\u00ebrdoret p\u00ebr p\u00ebrplasje politike me Qeverin\u00eb.<\/p>\n","protected":false},"author":1,"featured_media":242827,"comment_status":"closed","ping_status":"closed","sticky":false,"template":"","format":"standard","meta":{"footnotes":""},"categories":[5],"tags":[],"tmauthors":[136],"class_list":["post-242826","post","type-post","status-publish","format-standard","has-post-thumbnail","category-lajme"],"_links":{"self":[{"href":"https:\/\/radiostargjilan.com\/web\/wp-json\/wp\/v2\/posts\/242826","targetHints":{"allow":["GET"]}}],"collection":[{"href":"https:\/\/radiostargjilan.com\/web\/wp-json\/wp\/v2\/posts"}],"about":[{"href":"https:\/\/radiostargjilan.com\/web\/wp-json\/wp\/v2\/types\/post"}],"author":[{"embeddable":true,"href":"https:\/\/radiostargjilan.com\/web\/wp-json\/wp\/v2\/users\/1"}],"replies":[{"embeddable":true,"href":"https:\/\/radiostargjilan.com\/web\/wp-json\/wp\/v2\/comments?post=242826"}],"version-history":[{"count":1,"href":"https:\/\/radiostargjilan.com\/web\/wp-json\/wp\/v2\/posts\/242826\/revisions"}],"predecessor-version":[{"id":242828,"href":"https:\/\/radiostargjilan.com\/web\/wp-json\/wp\/v2\/posts\/242826\/revisions\/242828"}],"wp:featuredmedia":[{"embeddable":true,"href":"https:\/\/radiostargjilan.com\/web\/wp-json\/wp\/v2\/media\/242827"}],"wp:attachment":[{"href":"https:\/\/radiostargjilan.com\/web\/wp-json\/wp\/v2\/media?parent=242826"}],"wp:term":[{"taxonomy":"category","embeddable":true,"href":"https:\/\/radiostargjilan.com\/web\/wp-json\/wp\/v2\/categories?post=242826"},{"taxonomy":"post_tag","embeddable":true,"href":"https:\/\/radiostargjilan.com\/web\/wp-json\/wp\/v2\/tags?post=242826"},{"taxonomy":"tmauthors","embeddable":true,"href":"https:\/\/radiostargjilan.com\/web\/wp-json\/wp\/v2\/tmauthors?post=242826"}],"curies":[{"name":"wp","href":"https:\/\/api.w.org\/{rel}","templated":true}]}}