{"id":242834,"date":"2026-09-01T11:49:00","date_gmt":"2026-09-01T09:49:00","guid":{"rendered":"https:\/\/radiostargjilan.com\/web\/?p=242834"},"modified":"2026-09-01T11:49:00","modified_gmt":"2026-09-01T09:49:00","slug":"elme-ramadani-krenari-nga-gjilani-diplomon-ne-akademine-ushtarake-te-turqise","status":"publish","type":"post","link":"https:\/\/radiostargjilan.com\/web\/elme-ramadani-krenari-nga-gjilani-diplomon-ne-akademine-ushtarake-te-turqise\/","title":{"rendered":"Elm\u00eb Ramadani, krenari nga Gjilani: diplomon n\u00eb Akademin\u00eb Ushtarake t\u00eb Turqis\u00eb"},"content":{"rendered":"<p>Nj\u00eb sukses i ve\u00e7ant\u00eb p\u00ebrfaq\u00ebson edhe Gjilanin n\u00eb mesin e arritjeve t\u00eb kadet\u00ebve kosovar\u00eb n\u00eb fush\u00ebn e edukimit dhe p\u00ebrgatitjes ushtarake.<\/p>\n<p>N\u00eb ceremonin\u00eb e diplomimit t\u00eb organizuar n\u00eb Akademin\u00eb Ushtarake t\u00eb Forcave t\u00eb Armatosura t\u00eb Republik\u00ebs s\u00eb Turqis\u00eb, kan\u00eb p\u00ebrfunduar me sukses studimet pes\u00eb kadet\u00eb nga Kosova. N\u00eb mesin e tyre \u00ebsht\u00eb edhe Elm\u00eb Ramadani nga Gjilani, e cila ka p\u00ebrmbyllur nj\u00eb program pes\u00ebvje\u00e7ar t\u00eb formimit akademik dhe ushtarak.<\/p>\n<p>Pas p\u00ebrfundimit t\u00eb studimeve, Ramadani \u00ebsht\u00eb graduar me grad\u00ebn n\u00ebntogere dhe tashm\u00eb do t\u00eb vazhdoj\u00eb angazhimin e saj profesional n\u00eb kuad\u00ebr t\u00eb Forc\u00ebs s\u00eb Siguris\u00eb s\u00eb Kosov\u00ebs (FSK).<\/p>\n<p>P\u00ebrfundimi i k\u00ebtij formimi n\u00eb nj\u00eb prej institucioneve t\u00eb r\u00ebnd\u00ebsishme ushtarake t\u00eb Turqis\u00eb p\u00ebrb\u00ebn nj\u00eb arritje t\u00eb r\u00ebnd\u00ebsishme p\u00ebr Ramadanin, duke d\u00ebshmuar p\u00ebrkushtimin dhe disiplin\u00ebn e treguar gjat\u00eb viteve t\u00eb studimit dhe p\u00ebrgatitjes profesionale.<\/p>\n<p>Me rikthimin n\u00eb Kosov\u00eb, ajo i bashkohet gjenerat\u00ebs s\u00eb re t\u00eb oficer\u00ebve t\u00eb FSK-s\u00eb, duke nisur nj\u00eb faz\u00eb t\u00eb re t\u00eb karrier\u00ebs n\u00eb sh\u00ebrbim t\u00eb vendit.<\/p>\n<p>Diplomimi i Elm\u00eb Ramadanit \u00ebsht\u00eb nj\u00eb tjet\u00ebr shembull i suksesit t\u00eb t\u00eb rinjve nga Gjilani dhe Kosov\u00ebs n\u00eb institucionet prestigjioze nd\u00ebrkomb\u00ebtare.<\/p>\n","protected":false},"excerpt":{"rendered":"<p>Nj\u00eb sukses i ve\u00e7ant\u00eb p\u00ebrfaq\u00ebson edhe Gjilanin n\u00eb mesin e arritjeve t\u00eb kadet\u00ebve kosovar\u00eb n\u00eb fush\u00ebn e edukimit dhe p\u00ebrgatitjes ushtarake. N\u00eb ceremonin\u00eb e diplomimit t\u00eb organizuar n\u00eb Akademin\u00eb Ushtarake t\u00eb Forcave t\u00eb Armatosura t\u00eb Republik\u00ebs s\u00eb Turqis\u00eb, kan\u00eb p\u00ebrfunduar me sukses studimet pes\u00eb kadet\u00eb nga Kosova. N\u00eb mesin e tyre \u00ebsht\u00eb edhe Elm\u00eb Ramadani [&hellip;]<\/p>\n","protected":false},"author":1,"featured_media":242835,"comment_status":"closed","ping_status":"closed","sticky":false,"template":"","format":"standard","meta":{"footnotes":""},"categories":[5],"tags":[],"tmauthors":[136],"class_list":["post-242834","post","type-post","status-publish","format-standard","has-post-thumbnail","category-lajme"],"_links":{"self":[{"href":"https:\/\/radiostargjilan.com\/web\/wp-json\/wp\/v2\/posts\/242834","targetHints":{"allow":["GET"]}}],"collection":[{"href":"https:\/\/radiostargjilan.com\/web\/wp-json\/wp\/v2\/posts"}],"about":[{"href":"https:\/\/radiostargjilan.com\/web\/wp-json\/wp\/v2\/types\/post"}],"author":[{"embeddable":true,"href":"https:\/\/radiostargjilan.com\/web\/wp-json\/wp\/v2\/users\/1"}],"replies":[{"embeddable":true,"href":"https:\/\/radiostargjilan.com\/web\/wp-json\/wp\/v2\/comments?post=242834"}],"version-history":[{"count":1,"href":"https:\/\/radiostargjilan.com\/web\/wp-json\/wp\/v2\/posts\/242834\/revisions"}],"predecessor-version":[{"id":242836,"href":"https:\/\/radiostargjilan.com\/web\/wp-json\/wp\/v2\/posts\/242834\/revisions\/242836"}],"wp:featuredmedia":[{"embeddable":true,"href":"https:\/\/radiostargjilan.com\/web\/wp-json\/wp\/v2\/media\/242835"}],"wp:attachment":[{"href":"https:\/\/radiostargjilan.com\/web\/wp-json\/wp\/v2\/media?parent=242834"}],"wp:term":[{"taxonomy":"category","embeddable":true,"href":"https:\/\/radiostargjilan.com\/web\/wp-json\/wp\/v2\/categories?post=242834"},{"taxonomy":"post_tag","embeddable":true,"href":"https:\/\/radiostargjilan.com\/web\/wp-json\/wp\/v2\/tags?post=242834"},{"taxonomy":"tmauthors","embeddable":true,"href":"https:\/\/radiostargjilan.com\/web\/wp-json\/wp\/v2\/tmauthors?post=242834"}],"curies":[{"name":"wp","href":"https:\/\/api.w.org\/{rel}","templated":true}]}}