{"id":242840,"date":"2026-09-01T14:09:04","date_gmt":"2026-09-01T12:09:04","guid":{"rendered":"https:\/\/radiostargjilan.com\/web\/?p=242840"},"modified":"2026-09-01T14:09:25","modified_gmt":"2026-09-01T12:09:25","slug":"liria-ka-emer-publikon-klipin-per-protesten-e-12-shtatorit","status":"publish","type":"post","link":"https:\/\/radiostargjilan.com\/web\/liria-ka-emer-publikon-klipin-per-protesten-e-12-shtatorit\/","title":{"rendered":"\u201cLiria Ka Em\u00ebr\u201d publikon klipin p\u00ebr protest\u00ebn e 12 shtatorit"},"content":{"rendered":"<p><strong>Platforma \u201cLiria Ka Em\u00ebr\u201d ka publikuar klipin promovues p\u00ebr protest\u00ebn q\u00eb do t\u00eb mbahet m\u00eb 12 shtator n\u00eb Prishtin\u00eb.<\/strong><\/p>\n<p>Protesta \u00ebsht\u00eb paralajm\u00ebruar t\u00eb nis\u00eb n\u00eb or\u00ebn 14:00.<\/p>\n<div class=\"OmeELlJA\">\n<p>&nbsp;<\/p>\n<\/div>\n<p>\u201cKemi pritur gjat\u00eb p\u00ebr lirin\u00eb. Kemi sakrifikuar shum\u00eb p\u00ebr t\u00eb. Kemi humbur m\u00eb t\u00eb dashurit tan\u00eb, kemi kaluar luft\u00eb, dhembje e plag\u00eb, por nuk jemi dor\u00ebzuar kurr\u00eb.<br \/>\nU\u00c7K-ja ishte z\u00ebri i nj\u00eb populli q\u00eb k\u00ebrkonte t\u00eb jetonte i lir\u00eb. Sot, p\u00ebrs\u00ebri, Kosova po pret.<br \/>\nPret kthimin e luft\u00ebtar\u00ebve t\u00eb saj. Pret drejt\u00ebsin\u00eb. Pret q\u00eb nj\u00eb kapitull i gjat\u00eb i sakrific\u00ebs t\u00eb p\u00ebrfundoj\u00eb me liri.<br \/>\nM\u00eb 12 shtator, nga ora 14:00, n\u00eb sheshin \u201cSk\u00ebnderbeu\u201d n\u00eb Prishtin\u00eb, marshojm\u00eb bashk\u00eb.<br \/>\nSepse \u00e7do pritje ka nj\u00eb fund. Dhe ne presim q\u00eb fundi i k\u00ebsaj pritjeje t\u00eb jet\u00eb LIRIA.\u201d<\/p>\n<p><iframe loading=\"lazy\" src=\"https:\/\/www.facebook.com\/plugins\/video.php?height=314&amp;href=https%3A%2F%2Fwww.facebook.com%2Freel%2F2514976418999982%2F&amp;show_text=false&amp;width=560&amp;t=0\" width=\"560\" height=\"314\" frameborder=\"0\" scrolling=\"no\" allowfullscreen=\"allowfullscreen\" data-mce-fragment=\"1\"><\/iframe><\/p>\n<div class=\"xThUDJ6y\">\n<p>&nbsp;<\/p>\n<div id=\"beacon_e05912fa45\"><img loading=\"lazy\" loading=\"lazy\" decoding=\"async\" src=\"https:\/\/ads.gazeta10.com\/www\/delivery\/lg.php?bannerid=0&amp;campaignid=0&amp;zoneid=19&amp;loc=https%3A%2F%2Fgazeta10.com%2Fliria-ka-emer-publikon-klipin-per-protesten-e-12-shtatorit%2F&amp;referer=https%3A%2F%2Fgazeta10.com%2Frubrika%2Flajme%2F&amp;cb=e05912fa45\" alt=\"\" width=\"0\" height=\"0\" \/><\/div>\n<p>&nbsp;<\/p>\n<\/div>\n<p>&nbsp;<\/p>\n","protected":false},"excerpt":{"rendered":"<p>Platforma \u201cLiria Ka Em\u00ebr\u201d ka publikuar klipin promovues p\u00ebr protest\u00ebn q\u00eb do t\u00eb mbahet m\u00eb 12 shtator n\u00eb Prishtin\u00eb. Protesta \u00ebsht\u00eb paralajm\u00ebruar t\u00eb nis\u00eb n\u00eb or\u00ebn 14:00. &nbsp; \u201cKemi pritur gjat\u00eb p\u00ebr lirin\u00eb. Kemi sakrifikuar shum\u00eb p\u00ebr t\u00eb. Kemi humbur m\u00eb t\u00eb dashurit tan\u00eb, kemi kaluar luft\u00eb, dhembje e plag\u00eb, por nuk jemi dor\u00ebzuar kurr\u00eb. [&hellip;]<\/p>\n","protected":false},"author":1,"featured_media":242841,"comment_status":"closed","ping_status":"closed","sticky":false,"template":"","format":"standard","meta":{"footnotes":""},"categories":[5],"tags":[],"tmauthors":[136],"class_list":["post-242840","post","type-post","status-publish","format-standard","has-post-thumbnail","category-lajme"],"_links":{"self":[{"href":"https:\/\/radiostargjilan.com\/web\/wp-json\/wp\/v2\/posts\/242840","targetHints":{"allow":["GET"]}}],"collection":[{"href":"https:\/\/radiostargjilan.com\/web\/wp-json\/wp\/v2\/posts"}],"about":[{"href":"https:\/\/radiostargjilan.com\/web\/wp-json\/wp\/v2\/types\/post"}],"author":[{"embeddable":true,"href":"https:\/\/radiostargjilan.com\/web\/wp-json\/wp\/v2\/users\/1"}],"replies":[{"embeddable":true,"href":"https:\/\/radiostargjilan.com\/web\/wp-json\/wp\/v2\/comments?post=242840"}],"version-history":[{"count":1,"href":"https:\/\/radiostargjilan.com\/web\/wp-json\/wp\/v2\/posts\/242840\/revisions"}],"predecessor-version":[{"id":242843,"href":"https:\/\/radiostargjilan.com\/web\/wp-json\/wp\/v2\/posts\/242840\/revisions\/242843"}],"wp:featuredmedia":[{"embeddable":true,"href":"https:\/\/radiostargjilan.com\/web\/wp-json\/wp\/v2\/media\/242841"}],"wp:attachment":[{"href":"https:\/\/radiostargjilan.com\/web\/wp-json\/wp\/v2\/media?parent=242840"}],"wp:term":[{"taxonomy":"category","embeddable":true,"href":"https:\/\/radiostargjilan.com\/web\/wp-json\/wp\/v2\/categories?post=242840"},{"taxonomy":"post_tag","embeddable":true,"href":"https:\/\/radiostargjilan.com\/web\/wp-json\/wp\/v2\/tags?post=242840"},{"taxonomy":"tmauthors","embeddable":true,"href":"https:\/\/radiostargjilan.com\/web\/wp-json\/wp\/v2\/tmauthors?post=242840"}],"curies":[{"name":"wp","href":"https:\/\/api.w.org\/{rel}","templated":true}]}}