{"id":242844,"date":"2026-09-01T14:33:10","date_gmt":"2026-09-01T12:33:10","guid":{"rendered":"https:\/\/radiostargjilan.com\/web\/?p=242844"},"modified":"2026-09-01T14:33:10","modified_gmt":"2026-09-01T12:33:10","slug":"drejtori-i-arsimit-viziton-dy-shkolla-ne-gjilan-ne-diten-e-pare-te-vitit-te-ri-shkollor","status":"publish","type":"post","link":"https:\/\/radiostargjilan.com\/web\/drejtori-i-arsimit-viziton-dy-shkolla-ne-gjilan-ne-diten-e-pare-te-vitit-te-ri-shkollor\/","title":{"rendered":"Drejtori i Arsimit viziton dy shkolla n\u00eb Gjilan n\u00eb dit\u00ebn e par\u00eb t\u00eb vitit t\u00eb ri shkollor"},"content":{"rendered":"<p>N\u00eb dit\u00ebn e par\u00eb t\u00eb vitit t\u00eb ri shkollor, Drejtori i Arsimit n\u00eb Gjilan, Jeton Rexhepi, s\u00eb bashku me stafin e tij, ka vizituar SHFMU \u201cThimi Mitko\u201d n\u00eb Gjilan dhe SHFMU \u201cNazim Hikmet\u201d n\u00eb Dob\u00ebr\u00e7an.<\/p>\n<p>Gjat\u00eb vizit\u00ebs, \u00ebsht\u00eb theksuar se t\u00eb dyja shkollat i kan\u00eb pritur nx\u00ebn\u00ebsit me ambiente t\u00eb renovuara, duke krijuar kushte m\u00eb t\u00eb p\u00ebrshtatshme p\u00ebr fillimin e procesit m\u00ebsimor.<\/p>\n<p>Nga Komuna e Gjilanit \u00ebsht\u00eb b\u00ebr\u00eb e ditur se p\u00ebrmir\u00ebsimi i kushteve dhe ngritja e cil\u00ebsis\u00eb n\u00eb arsim mbeten nd\u00ebr prioritetet e vazhdueshme, me synimin q\u00eb nx\u00ebn\u00ebsit t\u00eb ken\u00eb nj\u00eb mjedis sa m\u00eb t\u00eb mir\u00eb p\u00ebr m\u00ebsim dhe zhvillim.<\/p>\n<p>Me rastin e fillimit t\u00eb vitit t\u00eb ri shkollor, \u00ebsht\u00eb uruar q\u00eb ky vit t\u00eb jet\u00eb i suksessh\u00ebm p\u00ebr t\u00eb gjith\u00eb nx\u00ebn\u00ebsit, m\u00ebsimdh\u00ebn\u00ebsit dhe prind\u00ebrit.<\/p>\n","protected":false},"excerpt":{"rendered":"<p>N\u00eb dit\u00ebn e par\u00eb t\u00eb vitit t\u00eb ri shkollor, Drejtori i Arsimit n\u00eb Gjilan, Jeton Rexhepi, s\u00eb bashku me stafin e tij, ka vizituar SHFMU \u201cThimi Mitko\u201d n\u00eb Gjilan dhe SHFMU \u201cNazim Hikmet\u201d n\u00eb Dob\u00ebr\u00e7an. Gjat\u00eb vizit\u00ebs, \u00ebsht\u00eb theksuar se t\u00eb dyja shkollat i kan\u00eb pritur nx\u00ebn\u00ebsit me ambiente t\u00eb renovuara, duke krijuar kushte m\u00eb [&hellip;]<\/p>\n","protected":false},"author":1,"featured_media":242845,"comment_status":"closed","ping_status":"closed","sticky":false,"template":"","format":"standard","meta":{"footnotes":""},"categories":[5],"tags":[],"tmauthors":[136],"class_list":["post-242844","post","type-post","status-publish","format-standard","has-post-thumbnail","category-lajme"],"_links":{"self":[{"href":"https:\/\/radiostargjilan.com\/web\/wp-json\/wp\/v2\/posts\/242844","targetHints":{"allow":["GET"]}}],"collection":[{"href":"https:\/\/radiostargjilan.com\/web\/wp-json\/wp\/v2\/posts"}],"about":[{"href":"https:\/\/radiostargjilan.com\/web\/wp-json\/wp\/v2\/types\/post"}],"author":[{"embeddable":true,"href":"https:\/\/radiostargjilan.com\/web\/wp-json\/wp\/v2\/users\/1"}],"replies":[{"embeddable":true,"href":"https:\/\/radiostargjilan.com\/web\/wp-json\/wp\/v2\/comments?post=242844"}],"version-history":[{"count":1,"href":"https:\/\/radiostargjilan.com\/web\/wp-json\/wp\/v2\/posts\/242844\/revisions"}],"predecessor-version":[{"id":242846,"href":"https:\/\/radiostargjilan.com\/web\/wp-json\/wp\/v2\/posts\/242844\/revisions\/242846"}],"wp:featuredmedia":[{"embeddable":true,"href":"https:\/\/radiostargjilan.com\/web\/wp-json\/wp\/v2\/media\/242845"}],"wp:attachment":[{"href":"https:\/\/radiostargjilan.com\/web\/wp-json\/wp\/v2\/media?parent=242844"}],"wp:term":[{"taxonomy":"category","embeddable":true,"href":"https:\/\/radiostargjilan.com\/web\/wp-json\/wp\/v2\/categories?post=242844"},{"taxonomy":"post_tag","embeddable":true,"href":"https:\/\/radiostargjilan.com\/web\/wp-json\/wp\/v2\/tags?post=242844"},{"taxonomy":"tmauthors","embeddable":true,"href":"https:\/\/radiostargjilan.com\/web\/wp-json\/wp\/v2\/tmauthors?post=242844"}],"curies":[{"name":"wp","href":"https:\/\/api.w.org\/{rel}","templated":true}]}}