{"id":242847,"date":"2026-09-01T15:51:41","date_gmt":"2026-09-01T13:51:41","guid":{"rendered":"https:\/\/radiostargjilan.com\/web\/?p=242847"},"modified":"2026-09-01T15:51:41","modified_gmt":"2026-09-01T13:51:41","slug":"haradinaj-boll-eshte-boll-regjimi-kurti-nuk-u-la-rruge-tjeter-kryetareve","status":"publish","type":"post","link":"https:\/\/radiostargjilan.com\/web\/haradinaj-boll-eshte-boll-regjimi-kurti-nuk-u-la-rruge-tjeter-kryetareve\/","title":{"rendered":"Haradinaj: Boll \u00ebsht\u00eb boll, regjimi Kurti nuk u la rrug\u00eb tjet\u00ebr kryetar\u00ebve"},"content":{"rendered":"<p>Deputeti i Aleanc\u00ebs, Ramush Haradinaj, ka reaguar pas protest\u00ebs s\u00eb kryetar\u00ebve t\u00eb komunave para Qeveris\u00eb s\u00eb Kosov\u00ebs, duke kritikuar qeverisjen e kryeministrit Albin Kurti.<\/p>\n<p>Haradinaj ka th\u00ebn\u00eb se komunat dhe kryetar\u00ebt e tyre jan\u00eb detyruar t\u00eb dalin n\u00eb rrug\u00eb p\u00ebr t\u00eb k\u00ebrkuar t\u00eb drejtat dhe kompetencat q\u00eb, sipas tij, u takojn\u00eb me ligj.<\/p>\n<p>\u201cRegjimi Kurti nuk ju la rrug\u00eb tjet\u00ebr kryetar\u00ebve t\u00eb komunave dhe komunave t\u00eb dalin n\u00eb rrug\u00eb. Boll \u00ebsht\u00eb boll\u201d, ka shkruar Haradinaj.<\/p>\n<p>Protesta \u00ebsht\u00eb organizuar n\u00eb shenj\u00eb kund\u00ebrshtimi ndaj disa vendimeve dhe politikave t\u00eb nivelit qendror, nd\u00ebrsa Asociacioni i Komunave t\u00eb Kosov\u00ebs ka paraqitur nj\u00eb s\u00ebr\u00eb k\u00ebrkesash ndaj Qeveris\u00eb.<\/p>\n","protected":false},"excerpt":{"rendered":"<p>Deputeti i Aleanc\u00ebs, Ramush Haradinaj, ka reaguar pas protest\u00ebs s\u00eb kryetar\u00ebve t\u00eb komunave para Qeveris\u00eb s\u00eb Kosov\u00ebs, duke kritikuar qeverisjen e kryeministrit Albin Kurti. Haradinaj ka th\u00ebn\u00eb se komunat dhe kryetar\u00ebt e tyre jan\u00eb detyruar t\u00eb dalin n\u00eb rrug\u00eb p\u00ebr t\u00eb k\u00ebrkuar t\u00eb drejtat dhe kompetencat q\u00eb, sipas tij, u takojn\u00eb me ligj. \u201cRegjimi Kurti [&hellip;]<\/p>\n","protected":false},"author":1,"featured_media":242848,"comment_status":"closed","ping_status":"closed","sticky":false,"template":"","format":"standard","meta":{"footnotes":""},"categories":[5],"tags":[],"tmauthors":[136],"class_list":["post-242847","post","type-post","status-publish","format-standard","has-post-thumbnail","category-lajme"],"_links":{"self":[{"href":"https:\/\/radiostargjilan.com\/web\/wp-json\/wp\/v2\/posts\/242847","targetHints":{"allow":["GET"]}}],"collection":[{"href":"https:\/\/radiostargjilan.com\/web\/wp-json\/wp\/v2\/posts"}],"about":[{"href":"https:\/\/radiostargjilan.com\/web\/wp-json\/wp\/v2\/types\/post"}],"author":[{"embeddable":true,"href":"https:\/\/radiostargjilan.com\/web\/wp-json\/wp\/v2\/users\/1"}],"replies":[{"embeddable":true,"href":"https:\/\/radiostargjilan.com\/web\/wp-json\/wp\/v2\/comments?post=242847"}],"version-history":[{"count":1,"href":"https:\/\/radiostargjilan.com\/web\/wp-json\/wp\/v2\/posts\/242847\/revisions"}],"predecessor-version":[{"id":242849,"href":"https:\/\/radiostargjilan.com\/web\/wp-json\/wp\/v2\/posts\/242847\/revisions\/242849"}],"wp:featuredmedia":[{"embeddable":true,"href":"https:\/\/radiostargjilan.com\/web\/wp-json\/wp\/v2\/media\/242848"}],"wp:attachment":[{"href":"https:\/\/radiostargjilan.com\/web\/wp-json\/wp\/v2\/media?parent=242847"}],"wp:term":[{"taxonomy":"category","embeddable":true,"href":"https:\/\/radiostargjilan.com\/web\/wp-json\/wp\/v2\/categories?post=242847"},{"taxonomy":"post_tag","embeddable":true,"href":"https:\/\/radiostargjilan.com\/web\/wp-json\/wp\/v2\/tags?post=242847"},{"taxonomy":"tmauthors","embeddable":true,"href":"https:\/\/radiostargjilan.com\/web\/wp-json\/wp\/v2\/tmauthors?post=242847"}],"curies":[{"name":"wp","href":"https:\/\/api.w.org\/{rel}","templated":true}]}}