{"id":242853,"date":"2026-09-01T18:29:51","date_gmt":"2026-09-01T16:29:51","guid":{"rendered":"https:\/\/radiostargjilan.com\/web\/?p=242853"},"modified":"2026-09-01T18:29:51","modified_gmt":"2026-09-01T16:29:51","slug":"abdixhiku-me-keqardhje-6-deputete-te-ldk-se-vendosen-te-mos-e-respektojne-vendimin-e-kryesise","status":"publish","type":"post","link":"https:\/\/radiostargjilan.com\/web\/abdixhiku-me-keqardhje-6-deputete-te-ldk-se-vendosen-te-mos-e-respektojne-vendimin-e-kryesise\/","title":{"rendered":"Abdixhiku: Me keqardhje, 6 deputet\u00eb t\u00eb LDK-s\u00eb vendos\u00ebn t\u00eb mos e respektojn\u00eb vendimin e Kryesis\u00eb"},"content":{"rendered":"<p>Kryetari i Lidhjes Demokratike t\u00eb Kosov\u00ebs, Lumir Abdixhiku, ka deklaruar se Kryesia e LDK-s\u00eb e ka miratuar pa asnj\u00eb vot\u00eb kund\u00ebr kandidatur\u00ebn e Bekim Sejdiut p\u00ebr president t\u00eb Kosov\u00ebs.<\/p>\n<p>Abdixhiku tha se pas mbledhjes s\u00eb Kryesis\u00eb, ku u diskutua propozimi p\u00ebr Sejdiun, \u00e7\u00ebshtja \u00ebsht\u00eb diskutuar edhe me Grupin Parlamentar t\u00eb LDK-s\u00eb.<\/p>\n<p>Sipas tij, gjasht\u00eb deputet\u00eb t\u00eb LDK-s\u00eb kan\u00eb vendosur t\u00eb mos e respektojn\u00eb vendimin e Kryesis\u00eb.<\/p>\n<p>\u201cMe keqardhje, gjasht\u00eb deputet\u00eb t\u00eb LDK-s\u00eb kan\u00eb vendosur t\u00eb mos e respektojn\u00eb vendimin e Kryesis\u00eb\u201d, ka th\u00ebn\u00eb Abdixhiku.<\/p>\n<p>Ai e cil\u00ebsoi Bekim Sejdiun si nj\u00eb figur\u00eb rugoviste dhe profesioniste, duke theksuar se kandidatura e tij \u00ebsht\u00eb miratuar n\u00eb Kryesi pa asnj\u00eb vot\u00eb kund\u00ebr.\/Gazeta10<\/p>\n","protected":false},"excerpt":{"rendered":"<p>Kryetari i Lidhjes Demokratike t\u00eb Kosov\u00ebs, Lumir Abdixhiku, ka deklaruar se Kryesia e LDK-s\u00eb e ka miratuar pa asnj\u00eb vot\u00eb kund\u00ebr kandidatur\u00ebn e Bekim Sejdiut p\u00ebr president t\u00eb Kosov\u00ebs. Abdixhiku tha se pas mbledhjes s\u00eb Kryesis\u00eb, ku u diskutua propozimi p\u00ebr Sejdiun, \u00e7\u00ebshtja \u00ebsht\u00eb diskutuar edhe me Grupin Parlamentar t\u00eb LDK-s\u00eb. Sipas tij, gjasht\u00eb deputet\u00eb [&hellip;]<\/p>\n","protected":false},"author":1,"featured_media":242854,"comment_status":"closed","ping_status":"closed","sticky":false,"template":"","format":"standard","meta":{"footnotes":""},"categories":[5],"tags":[],"tmauthors":[136],"class_list":["post-242853","post","type-post","status-publish","format-standard","has-post-thumbnail","category-lajme"],"_links":{"self":[{"href":"https:\/\/radiostargjilan.com\/web\/wp-json\/wp\/v2\/posts\/242853","targetHints":{"allow":["GET"]}}],"collection":[{"href":"https:\/\/radiostargjilan.com\/web\/wp-json\/wp\/v2\/posts"}],"about":[{"href":"https:\/\/radiostargjilan.com\/web\/wp-json\/wp\/v2\/types\/post"}],"author":[{"embeddable":true,"href":"https:\/\/radiostargjilan.com\/web\/wp-json\/wp\/v2\/users\/1"}],"replies":[{"embeddable":true,"href":"https:\/\/radiostargjilan.com\/web\/wp-json\/wp\/v2\/comments?post=242853"}],"version-history":[{"count":1,"href":"https:\/\/radiostargjilan.com\/web\/wp-json\/wp\/v2\/posts\/242853\/revisions"}],"predecessor-version":[{"id":242855,"href":"https:\/\/radiostargjilan.com\/web\/wp-json\/wp\/v2\/posts\/242853\/revisions\/242855"}],"wp:featuredmedia":[{"embeddable":true,"href":"https:\/\/radiostargjilan.com\/web\/wp-json\/wp\/v2\/media\/242854"}],"wp:attachment":[{"href":"https:\/\/radiostargjilan.com\/web\/wp-json\/wp\/v2\/media?parent=242853"}],"wp:term":[{"taxonomy":"category","embeddable":true,"href":"https:\/\/radiostargjilan.com\/web\/wp-json\/wp\/v2\/categories?post=242853"},{"taxonomy":"post_tag","embeddable":true,"href":"https:\/\/radiostargjilan.com\/web\/wp-json\/wp\/v2\/tags?post=242853"},{"taxonomy":"tmauthors","embeddable":true,"href":"https:\/\/radiostargjilan.com\/web\/wp-json\/wp\/v2\/tmauthors?post=242853"}],"curies":[{"name":"wp","href":"https:\/\/api.w.org\/{rel}","templated":true}]}}