{"id":242857,"date":"2026-09-01T19:01:13","date_gmt":"2026-09-01T17:01:13","guid":{"rendered":"https:\/\/radiostargjilan.com\/web\/?p=242857"},"modified":"2026-09-01T19:01:13","modified_gmt":"2026-09-01T17:01:13","slug":"egzon-pacolli-keta-jane-ldk-ja-e-vertete-qe-nuk-bien-pre-e-kurthit-te-kurtit","status":"publish","type":"post","link":"https:\/\/radiostargjilan.com\/web\/egzon-pacolli-keta-jane-ldk-ja-e-vertete-qe-nuk-bien-pre-e-kurthit-te-kurtit\/","title":{"rendered":"Egzon Pacolli: K\u00ebta jan\u00eb LDK-ja e v\u00ebrtet\u00eb, q\u00eb nuk bien pre e kurthit t\u00eb Kurtit"},"content":{"rendered":"<p>Kryetari i LDK-s\u00eb, Lumir Abdixhiku, ka th\u00ebn\u00eb se gjasht\u00eb deputet\u00eb t\u00eb LDK-s\u00eb deklaruan se nuk do e votojn\u00eb Bekim Sejdiun p\u00ebr President.<\/p>\n<p>Abdixhiku tha se kaq ka mund t\u00eb b\u00ebnte dhe i k\u00ebrkon falje popullit t\u00eb Kosov\u00ebs.<\/p>\n<p>\u201cMe keqardhje t\u00eb madhe p\u00ebr popullin, gjasht\u00eb deputet\u00eb t\u00eb LDK-s\u00eb kan\u00eb vendosur t\u00eb mos e respektojn\u00eb propozimin e Bekim Sejdiut p\u00ebr president. Ata jan\u00eb Avdullah Hoti, Hykmete Bajrami, Arben Gashi, Armend Zemaj, Kujtim Shala dhe Janina Ymeri\u201d, ka th\u00ebn\u00eb Abdixhiku.<\/p>\n<p class=\"wp-block-paragraph\">Pas k\u00ebsaj ka reaguar Egzon Pacolli, i cili tha se gjasht\u00eb deputet\u00ebt q\u00eb dol\u00ebn kund\u00ebr jan\u00eb ata q\u00eb nuk ran\u00eb pre e \u201ckurthit t\u00eb Kurtit\u201d.<\/p>\n<p class=\"wp-block-paragraph\">\u201cK\u00ebta jan\u00eb LDK-ja e v\u00ebrtet\u00eb, q\u00eb nuk bien pre e kurthit t\u00eb Kurtit. Gjithmon\u00eb krenar me ju\u201d, shkroi ai.<\/p>\n<p><iframe loading=\"lazy\" src=\"https:\/\/www.facebook.com\/plugins\/post.php?href=https%3A%2F%2Fwww.facebook.com%2Fegzon.pacolli.267317%2Fposts%2Fpfbid02ChNHzHjE2jZnZM6PX4Azj8nVAUk5umeKgFDC3CS3ytEjvGiicn1ECUXvXFdt1H4Ml&amp;show_text=true&amp;width=500\" width=\"500\" height=\"616\" frameborder=\"0\" scrolling=\"no\" allowfullscreen=\"allowfullscreen\" data-mce-fragment=\"1\"><\/iframe><\/p>\n<p>&nbsp;<\/p>\n","protected":false},"excerpt":{"rendered":"<p>Kryetari i LDK-s\u00eb, Lumir Abdixhiku, ka th\u00ebn\u00eb se gjasht\u00eb deputet\u00eb t\u00eb LDK-s\u00eb deklaruan se nuk do e votojn\u00eb Bekim Sejdiun p\u00ebr President. Abdixhiku tha se kaq ka mund t\u00eb b\u00ebnte dhe i k\u00ebrkon falje popullit t\u00eb Kosov\u00ebs. \u201cMe keqardhje t\u00eb madhe p\u00ebr popullin, gjasht\u00eb deputet\u00eb t\u00eb LDK-s\u00eb kan\u00eb vendosur t\u00eb mos e respektojn\u00eb propozimin e [&hellip;]<\/p>\n","protected":false},"author":1,"featured_media":242858,"comment_status":"closed","ping_status":"closed","sticky":false,"template":"","format":"standard","meta":{"footnotes":""},"categories":[5],"tags":[],"tmauthors":[136],"class_list":["post-242857","post","type-post","status-publish","format-standard","has-post-thumbnail","category-lajme"],"_links":{"self":[{"href":"https:\/\/radiostargjilan.com\/web\/wp-json\/wp\/v2\/posts\/242857","targetHints":{"allow":["GET"]}}],"collection":[{"href":"https:\/\/radiostargjilan.com\/web\/wp-json\/wp\/v2\/posts"}],"about":[{"href":"https:\/\/radiostargjilan.com\/web\/wp-json\/wp\/v2\/types\/post"}],"author":[{"embeddable":true,"href":"https:\/\/radiostargjilan.com\/web\/wp-json\/wp\/v2\/users\/1"}],"replies":[{"embeddable":true,"href":"https:\/\/radiostargjilan.com\/web\/wp-json\/wp\/v2\/comments?post=242857"}],"version-history":[{"count":1,"href":"https:\/\/radiostargjilan.com\/web\/wp-json\/wp\/v2\/posts\/242857\/revisions"}],"predecessor-version":[{"id":242859,"href":"https:\/\/radiostargjilan.com\/web\/wp-json\/wp\/v2\/posts\/242857\/revisions\/242859"}],"wp:featuredmedia":[{"embeddable":true,"href":"https:\/\/radiostargjilan.com\/web\/wp-json\/wp\/v2\/media\/242858"}],"wp:attachment":[{"href":"https:\/\/radiostargjilan.com\/web\/wp-json\/wp\/v2\/media?parent=242857"}],"wp:term":[{"taxonomy":"category","embeddable":true,"href":"https:\/\/radiostargjilan.com\/web\/wp-json\/wp\/v2\/categories?post=242857"},{"taxonomy":"post_tag","embeddable":true,"href":"https:\/\/radiostargjilan.com\/web\/wp-json\/wp\/v2\/tags?post=242857"},{"taxonomy":"tmauthors","embeddable":true,"href":"https:\/\/radiostargjilan.com\/web\/wp-json\/wp\/v2\/tmauthors?post=242857"}],"curies":[{"name":"wp","href":"https:\/\/api.w.org\/{rel}","templated":true}]}}