{"id":242860,"date":"2026-09-01T19:31:11","date_gmt":"2026-09-01T17:31:11","guid":{"rendered":"https:\/\/radiostargjilan.com\/web\/?p=242860"},"modified":"2026-09-01T19:31:11","modified_gmt":"2026-09-01T17:31:11","slug":"nga-neser-bllokohet-ky-segment-ne-gjilan-kryetari-hyseni-njofton-per-mbylljen-e-rruges-per-shkak-te-punimeve-ne-bulevard","status":"publish","type":"post","link":"https:\/\/radiostargjilan.com\/web\/nga-neser-bllokohet-ky-segment-ne-gjilan-kryetari-hyseni-njofton-per-mbylljen-e-rruges-per-shkak-te-punimeve-ne-bulevard\/","title":{"rendered":"NGA NES\u00cbR BLLOKOHET KY SEGMENT N\u00cb GJILAN! Kryetari Hyseni njofton p\u00ebr mbylljen e rrug\u00ebs p\u00ebr shkak t\u00eb punimeve n\u00eb Bulevard"},"content":{"rendered":"<p>Kryetari i Gjilanit, Alban Hyseni, ka njoftuar se nga nes\u00ebr do t\u00eb bllokohet p\u00ebr qarkullim segmenti nga Hoteli \u201cKristal\u201d deri te rruga \u201cSadullah Brestovci\u201d, p\u00ebr shkak t\u00eb punimeve n\u00eb Bulevard. <\/p>\n<p>Qarkullimi do t\u00eb b\u00ebhet p\u00ebrmes rrug\u00ebve alternative.<\/p>\n<div class=\"iframely-embed\">\n<div class=\"iframely-responsive\" style=\"height: 170px; padding-bottom: 0;\"><a href=\"https:\/\/www.facebook.com\/albanhysenilvv\/posts\/-njoftim-p%C3%ABr-qarkullim-gjilan-gjilani-vazhdon-t%C3%AB-ndryshoj%C3%AB-pamjenp%C3%ABr-shkak-t%C3%AB-pu\/1681277164007365\/\" data-iframely-url=\"https:\/\/iframely.net\/yDwxRnTt?theme=dark\"><\/a><\/div>\n<\/div>\n<p><script async src=\"https:\/\/iframely.net\/embed.js\"><\/script><\/p>\n","protected":false},"excerpt":{"rendered":"<p>Kryetari i Gjilanit, Alban Hyseni, ka njoftuar se nga nes\u00ebr do t\u00eb bllokohet p\u00ebr qarkullim segmenti nga Hoteli \u201cKristal\u201d deri te rruga \u201cSadullah Brestovci\u201d, p\u00ebr shkak t\u00eb punimeve n\u00eb Bulevard. Qarkullimi do t\u00eb b\u00ebhet p\u00ebrmes rrug\u00ebve alternative.<\/p>\n","protected":false},"author":1,"featured_media":242861,"comment_status":"closed","ping_status":"closed","sticky":false,"template":"","format":"standard","meta":{"footnotes":""},"categories":[5],"tags":[],"tmauthors":[136],"class_list":["post-242860","post","type-post","status-publish","format-standard","has-post-thumbnail","category-lajme"],"_links":{"self":[{"href":"https:\/\/radiostargjilan.com\/web\/wp-json\/wp\/v2\/posts\/242860","targetHints":{"allow":["GET"]}}],"collection":[{"href":"https:\/\/radiostargjilan.com\/web\/wp-json\/wp\/v2\/posts"}],"about":[{"href":"https:\/\/radiostargjilan.com\/web\/wp-json\/wp\/v2\/types\/post"}],"author":[{"embeddable":true,"href":"https:\/\/radiostargjilan.com\/web\/wp-json\/wp\/v2\/users\/1"}],"replies":[{"embeddable":true,"href":"https:\/\/radiostargjilan.com\/web\/wp-json\/wp\/v2\/comments?post=242860"}],"version-history":[{"count":1,"href":"https:\/\/radiostargjilan.com\/web\/wp-json\/wp\/v2\/posts\/242860\/revisions"}],"predecessor-version":[{"id":242862,"href":"https:\/\/radiostargjilan.com\/web\/wp-json\/wp\/v2\/posts\/242860\/revisions\/242862"}],"wp:featuredmedia":[{"embeddable":true,"href":"https:\/\/radiostargjilan.com\/web\/wp-json\/wp\/v2\/media\/242861"}],"wp:attachment":[{"href":"https:\/\/radiostargjilan.com\/web\/wp-json\/wp\/v2\/media?parent=242860"}],"wp:term":[{"taxonomy":"category","embeddable":true,"href":"https:\/\/radiostargjilan.com\/web\/wp-json\/wp\/v2\/categories?post=242860"},{"taxonomy":"post_tag","embeddable":true,"href":"https:\/\/radiostargjilan.com\/web\/wp-json\/wp\/v2\/tags?post=242860"},{"taxonomy":"tmauthors","embeddable":true,"href":"https:\/\/radiostargjilan.com\/web\/wp-json\/wp\/v2\/tmauthors?post=242860"}],"curies":[{"name":"wp","href":"https:\/\/api.w.org\/{rel}","templated":true}]}}