{"id":242867,"date":"2026-09-01T20:56:15","date_gmt":"2026-09-01T18:56:15","guid":{"rendered":"https:\/\/radiostargjilan.com\/web\/?p=242867"},"modified":"2026-09-01T20:56:15","modified_gmt":"2026-09-01T18:56:15","slug":"aleanca-qellimi-i-vetevendosjes-eshte-cuarja-e-vendit-ne-zgjedhje-te-reja","status":"publish","type":"post","link":"https:\/\/radiostargjilan.com\/web\/aleanca-qellimi-i-vetevendosjes-eshte-cuarja-e-vendit-ne-zgjedhje-te-reja\/","title":{"rendered":"Aleanca: Q\u00ebllimi i Vet\u00ebvendosjes \u00ebsht\u00eb \u00e7uarja e vendit n\u00eb zgjedhje t\u00eb reja"},"content":{"rendered":"<p>Aleanca ka deklaruar se q\u00ebllimi i L\u00ebvizjes Vet\u00ebvendosje, e cila sipas saj po e mban pushtetin ilegalisht, \u00ebsht\u00eb \u00e7uarja e vendit n\u00eb zgjedhje t\u00eb reja.<\/p>\n<p>Kjo parti ka th\u00ebn\u00eb se zhvillimet e fundit p\u00ebrputhen me q\u00ebndrimet e saj t\u00eb m\u00ebhershme, duke akuzuar VV-n\u00eb p\u00ebr faj\u00ebsim t\u00eb partive t\u00eb tjera dhe p\u00ebrpjekje p\u00ebr caktimin e dat\u00ebs s\u00eb zgjedhjeve n\u00eb nj\u00eb koh\u00eb q\u00eb i konvenon asaj.<\/p>\n<div class=\"jeg_ad jeg_ad_article jnews_content_inline_ads  \">\n<div class=\"ads-wrapper align-center \"><\/div>\n<\/div>\n<p>\u201cSa i p\u00ebrket \u00e7\u00ebshtjes s\u00eb zgjedhjes s\u00eb Presidentit, Aleanca e ka b\u00ebr\u00eb t\u00eb qart\u00eb se q\u00ebllimi i njer\u00ebzve q\u00eb sot po e mbajn\u00eb pushtetin ilegalisht \u00ebsht\u00eb \u00e7uarja e vendit n\u00eb zgjedhje t\u00eb reja. Ajo q\u00eb kemi par\u00eb deri tani p\u00ebrputhet me at\u00eb q\u00eb kemi th\u00ebn\u00eb vazhdimisht, faj\u00ebsimi i partive t\u00eb tjera dhe caktimi i dat\u00ebs s\u00eb mbajtjes s\u00eb zgjedhjeve n\u00eb dat\u00ebn q\u00eb u konvenon atyre\u201d, thuhet n\u00eb nj\u00eb deklarat\u00eb pas mbledhjes s\u00eb K\u00ebshillit t\u00eb Kryetar\u00ebve t\u00eb deg\u00ebve t\u00eb Aleanc\u00ebs, t\u00eb mbajtur sot.<\/p>\n<p>Aleanca ka kritikuar gjithashtu qeverisjen e Vet\u00ebvendosjes, duke e akuzuar p\u00ebr probleme n\u00eb sektorin e energjis\u00eb, furnizim me produkte nga Serbia, d\u00ebmtim t\u00eb bizneseve vendore dhe p\u00ebr\u00e7arje t\u00eb qytetar\u00ebve.<\/p>\n<p>\u201cPushteti q\u00eb e l\u00eb vendin pa energji dhe n\u00eb m\u00ebshir\u00ebn e mafias energjetike, q\u00eb energjin\u00eb e sjell prej Serbis\u00eb. Pushteti q\u00eb blen edhe barna, gur e zall prej Serbis\u00eb. Pushteti q\u00eb i d\u00ebnon bizneset vendore dhe shkat\u00ebrron ekonomin\u00eb e vendit. Pushteti q\u00eb krejt \u00e7ka arrin t\u00eb b\u00ebj\u00eb \u00ebsht\u00eb t\u2019i p\u00ebr\u00e7aj\u00eb qytetar\u00ebt e vendit, nuk meriton t\u00eb qeveris\u00eb me jet\u00ebn e qytetar\u00ebve\u201d, theksohet n\u00eb fund t\u00eb deklarat\u00ebs s\u00eb Aleanc\u00ebs.<\/p>\n<p><iframe loading=\"lazy\" src=\"https:\/\/www.facebook.com\/plugins\/post.php?href=https%3A%2F%2Fwww.facebook.com%2FAleanca.Official%2Fposts%2Fpfbid0EGZQ6jqCemcw9VoB2VTW6FT7MPk4xcPX5dN2RBUo4MfAd8uLTmj6aChz21ea8mVYl&amp;show_text=true&amp;width=500\" width=\"500\" height=\"793\" frameborder=\"0\" scrolling=\"no\" allowfullscreen=\"allowfullscreen\"><\/iframe><\/p>\n","protected":false},"excerpt":{"rendered":"<p>Aleanca ka deklaruar se q\u00ebllimi i L\u00ebvizjes Vet\u00ebvendosje, e cila sipas saj po e mban pushtetin ilegalisht, \u00ebsht\u00eb \u00e7uarja e vendit n\u00eb zgjedhje t\u00eb reja. Kjo parti ka th\u00ebn\u00eb se zhvillimet e fundit p\u00ebrputhen me q\u00ebndrimet e saj t\u00eb m\u00ebhershme, duke akuzuar VV-n\u00eb p\u00ebr faj\u00ebsim t\u00eb partive t\u00eb tjera dhe p\u00ebrpjekje p\u00ebr caktimin e dat\u00ebs [&hellip;]<\/p>\n","protected":false},"author":1,"featured_media":242868,"comment_status":"closed","ping_status":"closed","sticky":false,"template":"","format":"standard","meta":{"footnotes":""},"categories":[5],"tags":[],"tmauthors":[136],"class_list":["post-242867","post","type-post","status-publish","format-standard","has-post-thumbnail","category-lajme"],"_links":{"self":[{"href":"https:\/\/radiostargjilan.com\/web\/wp-json\/wp\/v2\/posts\/242867","targetHints":{"allow":["GET"]}}],"collection":[{"href":"https:\/\/radiostargjilan.com\/web\/wp-json\/wp\/v2\/posts"}],"about":[{"href":"https:\/\/radiostargjilan.com\/web\/wp-json\/wp\/v2\/types\/post"}],"author":[{"embeddable":true,"href":"https:\/\/radiostargjilan.com\/web\/wp-json\/wp\/v2\/users\/1"}],"replies":[{"embeddable":true,"href":"https:\/\/radiostargjilan.com\/web\/wp-json\/wp\/v2\/comments?post=242867"}],"version-history":[{"count":1,"href":"https:\/\/radiostargjilan.com\/web\/wp-json\/wp\/v2\/posts\/242867\/revisions"}],"predecessor-version":[{"id":242869,"href":"https:\/\/radiostargjilan.com\/web\/wp-json\/wp\/v2\/posts\/242867\/revisions\/242869"}],"wp:featuredmedia":[{"embeddable":true,"href":"https:\/\/radiostargjilan.com\/web\/wp-json\/wp\/v2\/media\/242868"}],"wp:attachment":[{"href":"https:\/\/radiostargjilan.com\/web\/wp-json\/wp\/v2\/media?parent=242867"}],"wp:term":[{"taxonomy":"category","embeddable":true,"href":"https:\/\/radiostargjilan.com\/web\/wp-json\/wp\/v2\/categories?post=242867"},{"taxonomy":"post_tag","embeddable":true,"href":"https:\/\/radiostargjilan.com\/web\/wp-json\/wp\/v2\/tags?post=242867"},{"taxonomy":"tmauthors","embeddable":true,"href":"https:\/\/radiostargjilan.com\/web\/wp-json\/wp\/v2\/tmauthors?post=242867"}],"curies":[{"name":"wp","href":"https:\/\/api.w.org\/{rel}","templated":true}]}}