{"id":242870,"date":"2026-09-01T21:32:32","date_gmt":"2026-09-01T19:32:32","guid":{"rendered":"https:\/\/radiostargjilan.com\/web\/?p=242870"},"modified":"2026-09-01T21:32:32","modified_gmt":"2026-09-01T19:32:32","slug":"votoi-kunder-bekim-sejdiut-ymeri-ska-as-profil-as-pavaresi-per-ti-bere-balle-kapjes-nga-vv-ja","status":"publish","type":"post","link":"https:\/\/radiostargjilan.com\/web\/votoi-kunder-bekim-sejdiut-ymeri-ska-as-profil-as-pavaresi-per-ti-bere-balle-kapjes-nga-vv-ja\/","title":{"rendered":"Votoi kund\u00ebr Bekim Sejdiut, Ymeri: S\u2019ka as profil, as pavar\u00ebsi p\u00ebr t\u2019i b\u00ebr\u00eb ball\u00eb kapjes nga VV-ja"},"content":{"rendered":"<p>Deputetja e LDK-s\u00eb, Janina Ymeri, ka th\u00ebn\u00eb se Albin Kurti \u00ebsht\u00eb \u201cargast i mafis\u00eb energjetike\u201d.<\/p>\n<p>K\u00ebshtu ajo ka th\u00ebn\u00eb se nuk e voton Bekim Sejdiun p\u00ebr President q\u00eb do t\u2019ia zgjaste pushtetin Albin Kurtit.<\/p>\n<p>\u201cNj\u00eb kryeminist\u00ebr si Albin Kurti \u00ebsht\u00eb argat i mafis\u00eb energjetike. Edhe sot, me gjith\u00eb pasojat p\u00ebr pozit\u00ebn time brenda partis\u00eb, vendos t\u00eb mos e votoj zgjatjen e pushtetit t\u00eb tij. Pushtet i komprometuar dhe antikomb\u00ebtar. Kandidati p\u00ebr President, n\u00eb an\u00ebn tjet\u00ebr, nuk kishte as profil e as pavar\u00ebsi q\u00eb t\u00eb sillte balanc\u00eb pushteti dhe forc\u00eb ndaj kapjes nga Vet\u00ebvendosja. Shpres\u00eb ka kur njer\u00ebzit vendosin p\u00ebr nj\u00eb t\u00eb ardhme m\u00eb t\u00eb mir\u00eb, dhe kjo dit\u00eb duhet t\u00eb jet\u00eb e till\u00eb. Do t\u00eb q\u00ebndrojm\u00eb p\u00ebr Lidhjen Demokratike t\u00eb Kosov\u00ebs. P\u00ebr Republik\u00eb\u200cn ton\u00eb\u201d, ka shkruar ajo n\u00eb Facebook.<\/p>\n","protected":false},"excerpt":{"rendered":"<p>Deputetja e LDK-s\u00eb, Janina Ymeri, ka th\u00ebn\u00eb se Albin Kurti \u00ebsht\u00eb \u201cargast i mafis\u00eb energjetike\u201d. K\u00ebshtu ajo ka th\u00ebn\u00eb se nuk e voton Bekim Sejdiun p\u00ebr President q\u00eb do t\u2019ia zgjaste pushtetin Albin Kurtit. \u201cNj\u00eb kryeminist\u00ebr si Albin Kurti \u00ebsht\u00eb argat i mafis\u00eb energjetike. Edhe sot, me gjith\u00eb pasojat p\u00ebr pozit\u00ebn time brenda partis\u00eb, vendos [&hellip;]<\/p>\n","protected":false},"author":1,"featured_media":242871,"comment_status":"closed","ping_status":"closed","sticky":false,"template":"","format":"standard","meta":{"footnotes":""},"categories":[5],"tags":[],"tmauthors":[136],"class_list":["post-242870","post","type-post","status-publish","format-standard","has-post-thumbnail","category-lajme"],"_links":{"self":[{"href":"https:\/\/radiostargjilan.com\/web\/wp-json\/wp\/v2\/posts\/242870","targetHints":{"allow":["GET"]}}],"collection":[{"href":"https:\/\/radiostargjilan.com\/web\/wp-json\/wp\/v2\/posts"}],"about":[{"href":"https:\/\/radiostargjilan.com\/web\/wp-json\/wp\/v2\/types\/post"}],"author":[{"embeddable":true,"href":"https:\/\/radiostargjilan.com\/web\/wp-json\/wp\/v2\/users\/1"}],"replies":[{"embeddable":true,"href":"https:\/\/radiostargjilan.com\/web\/wp-json\/wp\/v2\/comments?post=242870"}],"version-history":[{"count":1,"href":"https:\/\/radiostargjilan.com\/web\/wp-json\/wp\/v2\/posts\/242870\/revisions"}],"predecessor-version":[{"id":242872,"href":"https:\/\/radiostargjilan.com\/web\/wp-json\/wp\/v2\/posts\/242870\/revisions\/242872"}],"wp:featuredmedia":[{"embeddable":true,"href":"https:\/\/radiostargjilan.com\/web\/wp-json\/wp\/v2\/media\/242871"}],"wp:attachment":[{"href":"https:\/\/radiostargjilan.com\/web\/wp-json\/wp\/v2\/media?parent=242870"}],"wp:term":[{"taxonomy":"category","embeddable":true,"href":"https:\/\/radiostargjilan.com\/web\/wp-json\/wp\/v2\/categories?post=242870"},{"taxonomy":"post_tag","embeddable":true,"href":"https:\/\/radiostargjilan.com\/web\/wp-json\/wp\/v2\/tags?post=242870"},{"taxonomy":"tmauthors","embeddable":true,"href":"https:\/\/radiostargjilan.com\/web\/wp-json\/wp\/v2\/tmauthors?post=242870"}],"curies":[{"name":"wp","href":"https:\/\/api.w.org\/{rel}","templated":true}]}}