{"id":242873,"date":"2026-09-01T22:35:07","date_gmt":"2026-09-01T20:35:07","guid":{"rendered":"https:\/\/radiostargjilan.com\/web\/?p=242873"},"modified":"2026-09-01T22:35:07","modified_gmt":"2026-09-01T20:35:07","slug":"kurti-deputetet-e-vv-se-pro-kanidatures-se-sejdiut-veprimet-e-reja-kerkojne-serish-takime","status":"publish","type":"post","link":"https:\/\/radiostargjilan.com\/web\/kurti-deputetet-e-vv-se-pro-kanidatures-se-sejdiut-veprimet-e-reja-kerkojne-serish-takime\/","title":{"rendered":"Kurti: Deputet\u00ebt e VV-s\u00eb pro kanidatur\u00ebs s\u00eb Sejdiut, veprimet e reja k\u00ebrkojn\u00eb s\u00ebrish takime"},"content":{"rendered":"<p>Pas mbledhjes me grupin parlamentar, kryeministri n\u00eb detyr\u00eb Albin Kurti deklaroi se nga VV, Bekim Sejidu ka mb\u00ebshtjen e plot\u00eb p\u00ebr kandidaturen presidenciale .<\/p>\n<p>Ai tha se q\u00ebndrimi i Kryesis\u00eb s\u00eb LDK-s\u00eb fillimisht ishte shpres\u00ebdh\u00ebn\u00ebs p\u00ebr profesor Bekim Sejdiun, por m\u00eb pas gjasht\u00eb deputet\u00eb t\u00eb LDK-s\u00eb deklaruan se nuk do ta mb\u00ebshtesin at\u00eb.<\/p>\n<p>\u201cKy \u00ebsht\u00eb nj\u00eb zhvillim i ri q\u00eb k\u00ebrkon t\u00eb takohemi p\u00ebrs\u00ebri. N\u00eb an\u00ebn tjet\u00ebr, \u00ebsht\u00eb absurde dhe e pap\u00ebrgjegjshme nj\u00eb sjellje e till\u00eb\u201d, tha Kurti.<\/p>\n","protected":false},"excerpt":{"rendered":"<p>Pas mbledhjes me grupin parlamentar, kryeministri n\u00eb detyr\u00eb Albin Kurti deklaroi se nga VV, Bekim Sejidu ka mb\u00ebshtjen e plot\u00eb p\u00ebr kandidaturen presidenciale . Ai tha se q\u00ebndrimi i Kryesis\u00eb s\u00eb LDK-s\u00eb fillimisht ishte shpres\u00ebdh\u00ebn\u00ebs p\u00ebr profesor Bekim Sejdiun, por m\u00eb pas gjasht\u00eb deputet\u00eb t\u00eb LDK-s\u00eb deklaruan se nuk do ta mb\u00ebshtesin at\u00eb. \u201cKy \u00ebsht\u00eb [&hellip;]<\/p>\n","protected":false},"author":1,"featured_media":242433,"comment_status":"closed","ping_status":"closed","sticky":false,"template":"","format":"standard","meta":{"footnotes":""},"categories":[5],"tags":[],"tmauthors":[136],"class_list":["post-242873","post","type-post","status-publish","format-standard","has-post-thumbnail","category-lajme"],"_links":{"self":[{"href":"https:\/\/radiostargjilan.com\/web\/wp-json\/wp\/v2\/posts\/242873","targetHints":{"allow":["GET"]}}],"collection":[{"href":"https:\/\/radiostargjilan.com\/web\/wp-json\/wp\/v2\/posts"}],"about":[{"href":"https:\/\/radiostargjilan.com\/web\/wp-json\/wp\/v2\/types\/post"}],"author":[{"embeddable":true,"href":"https:\/\/radiostargjilan.com\/web\/wp-json\/wp\/v2\/users\/1"}],"replies":[{"embeddable":true,"href":"https:\/\/radiostargjilan.com\/web\/wp-json\/wp\/v2\/comments?post=242873"}],"version-history":[{"count":1,"href":"https:\/\/radiostargjilan.com\/web\/wp-json\/wp\/v2\/posts\/242873\/revisions"}],"predecessor-version":[{"id":242874,"href":"https:\/\/radiostargjilan.com\/web\/wp-json\/wp\/v2\/posts\/242873\/revisions\/242874"}],"wp:featuredmedia":[{"embeddable":true,"href":"https:\/\/radiostargjilan.com\/web\/wp-json\/wp\/v2\/media\/242433"}],"wp:attachment":[{"href":"https:\/\/radiostargjilan.com\/web\/wp-json\/wp\/v2\/media?parent=242873"}],"wp:term":[{"taxonomy":"category","embeddable":true,"href":"https:\/\/radiostargjilan.com\/web\/wp-json\/wp\/v2\/categories?post=242873"},{"taxonomy":"post_tag","embeddable":true,"href":"https:\/\/radiostargjilan.com\/web\/wp-json\/wp\/v2\/tags?post=242873"},{"taxonomy":"tmauthors","embeddable":true,"href":"https:\/\/radiostargjilan.com\/web\/wp-json\/wp\/v2\/tmauthors?post=242873"}],"curies":[{"name":"wp","href":"https:\/\/api.w.org\/{rel}","templated":true}]}}