{"id":242877,"date":"2026-09-01T23:39:01","date_gmt":"2026-09-01T21:39:01","guid":{"rendered":"https:\/\/radiostargjilan.com\/web\/?p=242877"},"modified":"2026-09-01T23:39:01","modified_gmt":"2026-09-01T21:39:01","slug":"hoxhaj-uron-1-shtatorin-duke-postuar-fotografi-te-thacit-ishin-dite-pa-brenga-se-si-te-siguroheshin-librat","status":"publish","type":"post","link":"https:\/\/radiostargjilan.com\/web\/hoxhaj-uron-1-shtatorin-duke-postuar-fotografi-te-thacit-ishin-dite-pa-brenga-se-si-te-siguroheshin-librat\/","title":{"rendered":"Hoxhaj uron 1 Shtatorin duke postuar fotografi t\u00eb Tha\u00e7it: Ishin dit\u00eb pa brenga se si t\u00eb siguroheshin librat"},"content":{"rendered":"<p>Deputeti i PDK-s\u00eb dhe ish-ministri i Arsimit, Enver Hoxhaj, ka uruar nx\u00ebn\u00ebsit dhe m\u00ebsimdh\u00ebn\u00ebsit me rastin e fillimit t\u00eb vitit t\u00eb ri shkollor, duke publikuar nj\u00eb foto nga koha kur drejtonte k\u00ebt\u00eb dikaster.<\/p>\n<p>N\u00eb pamjet e publikuara, Hoxhaj shihet duke vizituar nj\u00eb shkoll\u00eb s\u00eb bashku me kryeministrin e at\u00ebhersh\u00ebm, Hashim Tha\u00e7i. Duke rikujtuar periudh\u00ebn e tij n\u00eb krye t\u00eb Ministris\u00eb s\u00eb Arsimit, ai ka theksuar se at\u00ebher\u00eb ishte b\u00ebr\u00eb e mundur q\u00eb \u00e7do nx\u00ebn\u00ebs t\u00eb pajisej me libra falas, pa procedura t\u00eb nd\u00ebrlikuara dhe pa ua bartur barr\u00ebn financiare familjeve.<\/p>\n<p>\u201cDita e par\u00eb e shkoll\u00ebs duhet t\u00eb jet\u00eb dit\u00eb g\u00ebzimi, dijeje dhe shprese, jo dit\u00eb brenge p\u00ebr prind\u00ebrit se si t\u2019i sigurojn\u00eb tekstet shkollore. Kur isha minist\u00ebr i Arsimit, e b\u00ebm\u00eb t\u00eb mundur q\u00eb \u00e7do nx\u00ebn\u00ebs t\u00eb pajisej me libra falas\u201d, ka shkruar Hoxhaj.<\/p>\n<p>Ai ka kritikuar m\u00ebnyr\u00ebn e sigurimit t\u00eb teksteve shkollore gjat\u00eb viteve t\u00eb fundit, duke th\u00ebn\u00eb se muajt shtator jan\u00eb shoq\u00ebruar me v\u00ebshtir\u00ebsi, vonesa dhe keqp\u00ebrdorime gjat\u00eb ndarjes s\u00eb fondeve.<\/p>\n<p>\u201cArsimi nuk duhet t\u00eb jet\u00eb hap\u00ebsir\u00eb p\u00ebr eksperimente e abuzime, por p\u00ebrgjegj\u00ebsi e drejtp\u00ebrdrejt\u00eb e shtetit ndaj \u00e7do f\u00ebmije\u201d, ka deklaruar ai.<\/p>\n<p>N\u00eb urimin e tij p\u00ebr 1 Shtatorin, Hoxhaj ka vler\u00ebsuar edhe rolin historik t\u00eb m\u00ebsimdh\u00ebn\u00ebsve shqiptar\u00eb gjat\u00eb pushtimit serb, duke theksuar se liria u ruajt edhe n\u00eb shkollat shqipe, n\u00eb mendjet dhe zemrat e tyre.<\/p>\n<p>N\u00eb fund, ai u ka uruar nx\u00ebn\u00ebsve nj\u00eb vit t\u00eb mbar\u00eb, me shum\u00eb dije dhe suksese, nd\u00ebrsa m\u00ebsimdh\u00ebn\u00ebsve sh\u00ebndet dhe forc\u00eb n\u00eb misionin e tyre.<\/p>\n","protected":false},"excerpt":{"rendered":"<p>Deputeti i PDK-s\u00eb dhe ish-ministri i Arsimit, Enver Hoxhaj, ka uruar nx\u00ebn\u00ebsit dhe m\u00ebsimdh\u00ebn\u00ebsit me rastin e fillimit t\u00eb vitit t\u00eb ri shkollor, duke publikuar nj\u00eb foto nga koha kur drejtonte k\u00ebt\u00eb dikaster. N\u00eb pamjet e publikuara, Hoxhaj shihet duke vizituar nj\u00eb shkoll\u00eb s\u00eb bashku me kryeministrin e at\u00ebhersh\u00ebm, Hashim Tha\u00e7i. Duke rikujtuar periudh\u00ebn e [&hellip;]<\/p>\n","protected":false},"author":1,"featured_media":242878,"comment_status":"closed","ping_status":"closed","sticky":false,"template":"","format":"standard","meta":{"footnotes":""},"categories":[5],"tags":[],"tmauthors":[136],"class_list":["post-242877","post","type-post","status-publish","format-standard","has-post-thumbnail","category-lajme"],"_links":{"self":[{"href":"https:\/\/radiostargjilan.com\/web\/wp-json\/wp\/v2\/posts\/242877","targetHints":{"allow":["GET"]}}],"collection":[{"href":"https:\/\/radiostargjilan.com\/web\/wp-json\/wp\/v2\/posts"}],"about":[{"href":"https:\/\/radiostargjilan.com\/web\/wp-json\/wp\/v2\/types\/post"}],"author":[{"embeddable":true,"href":"https:\/\/radiostargjilan.com\/web\/wp-json\/wp\/v2\/users\/1"}],"replies":[{"embeddable":true,"href":"https:\/\/radiostargjilan.com\/web\/wp-json\/wp\/v2\/comments?post=242877"}],"version-history":[{"count":1,"href":"https:\/\/radiostargjilan.com\/web\/wp-json\/wp\/v2\/posts\/242877\/revisions"}],"predecessor-version":[{"id":242879,"href":"https:\/\/radiostargjilan.com\/web\/wp-json\/wp\/v2\/posts\/242877\/revisions\/242879"}],"wp:featuredmedia":[{"embeddable":true,"href":"https:\/\/radiostargjilan.com\/web\/wp-json\/wp\/v2\/media\/242878"}],"wp:attachment":[{"href":"https:\/\/radiostargjilan.com\/web\/wp-json\/wp\/v2\/media?parent=242877"}],"wp:term":[{"taxonomy":"category","embeddable":true,"href":"https:\/\/radiostargjilan.com\/web\/wp-json\/wp\/v2\/categories?post=242877"},{"taxonomy":"post_tag","embeddable":true,"href":"https:\/\/radiostargjilan.com\/web\/wp-json\/wp\/v2\/tags?post=242877"},{"taxonomy":"tmauthors","embeddable":true,"href":"https:\/\/radiostargjilan.com\/web\/wp-json\/wp\/v2\/tmauthors?post=242877"}],"curies":[{"name":"wp","href":"https:\/\/api.w.org\/{rel}","templated":true}]}}