{"id":242888,"date":"2026-09-02T07:34:44","date_gmt":"2026-09-02T05:34:44","guid":{"rendered":"https:\/\/radiostargjilan.com\/web\/?p=242888"},"modified":"2026-09-02T07:34:44","modified_gmt":"2026-09-02T05:34:44","slug":"policia-e-kosoves-forcon-bashkepunimin-ndermjet-sektoreve-rajonale-te-hetimeve","status":"publish","type":"post","link":"https:\/\/radiostargjilan.com\/web\/policia-e-kosoves-forcon-bashkepunimin-ndermjet-sektoreve-rajonale-te-hetimeve\/","title":{"rendered":"Policia e Kosov\u00ebs forcon bashk\u00ebpunimin nd\u00ebrmjet sektor\u00ebve rajonal\u00eb t\u00eb hetimeve"},"content":{"rendered":"<p>Me dat\u00ebn 01.09.2026 n\u00eb ambientet e Drejtoris\u00eb Rajonale t\u00eb Policis\u00eb n\u00eb Gjilan, Z\u00ebvend\u00ebs Drejtori i Drejtoris\u00eb Rajonale t\u00eb Policis\u00eb n\u00eb Gjilan N\u00ebnkolonel Remzi Azemi, zhvilloi nj\u00eb takim pune me p\u00ebrfaq\u00ebsuesit e Sektor\u00ebve Rajonal t\u00eb Hetimeve nga t\u00eb gjitha Drejtorit\u00eb Rajonale t\u00eb Policis\u00eb s\u00eb Kosov\u00ebs.<\/p>\n<p>Takimi kishte p\u00ebr q\u00ebllim fuqizimin e bashk\u00ebpunimit dhe koordinimit nd\u00ebrmjet strukturave rajonale t\u00eb hetimeve p\u00ebrmes shk\u00ebmbimit t\u00eb informatave relevante, p\u00ebrvojave dhe praktikave profesionale si dhe bashk\u00ebrendimit e koordinimit t\u00eb veprimeve operative e hetimore n\u00eb funksion t\u00eb rritjes s\u00eb efikasitetit n\u00eb fush\u00ebn e hetimit dhe rezultateve n\u00eb luftimin dhe parandalimin e kriminalitetit me theks t\u00eb ve\u00e7ant\u00eb t\u00eb veprave penale kund\u00ebr pasuris\u00eb.<\/p>\n<p>Pjes\u00ebmarr\u00ebsit theksuan se bashk\u00ebpunimi i drejtp\u00ebrdrejt\u00eb nd\u00ebrmjet sektor\u00ebve rajonal\u00eb t\u00eb hetimeve, komunikimi i vazhduesh\u00ebm dhe ndarja e p\u00ebrvojave profesionale jan\u00eb elemente t\u00eb r\u00ebnd\u00ebsishme p\u00ebr rritjes s\u00eb efikasitetit t\u00eb pun\u00ebs policore dhe garantimit t\u00eb nj\u00eb sh\u00ebrbimi sa m\u00eb profesional dhe efektiv n\u00eb interes t\u00eb siguris\u00eb s\u00eb qytetar\u00ebve.<\/p>\n","protected":false},"excerpt":{"rendered":"<p>Me dat\u00ebn 01.09.2026 n\u00eb ambientet e Drejtoris\u00eb Rajonale t\u00eb Policis\u00eb n\u00eb Gjilan, Z\u00ebvend\u00ebs Drejtori i Drejtoris\u00eb Rajonale t\u00eb Policis\u00eb n\u00eb Gjilan N\u00ebnkolonel Remzi Azemi, zhvilloi nj\u00eb takim pune me p\u00ebrfaq\u00ebsuesit e Sektor\u00ebve Rajonal t\u00eb Hetimeve nga t\u00eb gjitha Drejtorit\u00eb Rajonale t\u00eb Policis\u00eb s\u00eb Kosov\u00ebs. Takimi kishte p\u00ebr q\u00ebllim fuqizimin e bashk\u00ebpunimit dhe koordinimit nd\u00ebrmjet strukturave [&hellip;]<\/p>\n","protected":false},"author":1,"featured_media":242889,"comment_status":"closed","ping_status":"closed","sticky":false,"template":"","format":"standard","meta":{"footnotes":""},"categories":[5],"tags":[],"tmauthors":[136],"class_list":["post-242888","post","type-post","status-publish","format-standard","has-post-thumbnail","category-lajme"],"_links":{"self":[{"href":"https:\/\/radiostargjilan.com\/web\/wp-json\/wp\/v2\/posts\/242888","targetHints":{"allow":["GET"]}}],"collection":[{"href":"https:\/\/radiostargjilan.com\/web\/wp-json\/wp\/v2\/posts"}],"about":[{"href":"https:\/\/radiostargjilan.com\/web\/wp-json\/wp\/v2\/types\/post"}],"author":[{"embeddable":true,"href":"https:\/\/radiostargjilan.com\/web\/wp-json\/wp\/v2\/users\/1"}],"replies":[{"embeddable":true,"href":"https:\/\/radiostargjilan.com\/web\/wp-json\/wp\/v2\/comments?post=242888"}],"version-history":[{"count":1,"href":"https:\/\/radiostargjilan.com\/web\/wp-json\/wp\/v2\/posts\/242888\/revisions"}],"predecessor-version":[{"id":242890,"href":"https:\/\/radiostargjilan.com\/web\/wp-json\/wp\/v2\/posts\/242888\/revisions\/242890"}],"wp:featuredmedia":[{"embeddable":true,"href":"https:\/\/radiostargjilan.com\/web\/wp-json\/wp\/v2\/media\/242889"}],"wp:attachment":[{"href":"https:\/\/radiostargjilan.com\/web\/wp-json\/wp\/v2\/media?parent=242888"}],"wp:term":[{"taxonomy":"category","embeddable":true,"href":"https:\/\/radiostargjilan.com\/web\/wp-json\/wp\/v2\/categories?post=242888"},{"taxonomy":"post_tag","embeddable":true,"href":"https:\/\/radiostargjilan.com\/web\/wp-json\/wp\/v2\/tags?post=242888"},{"taxonomy":"tmauthors","embeddable":true,"href":"https:\/\/radiostargjilan.com\/web\/wp-json\/wp\/v2\/tmauthors?post=242888"}],"curies":[{"name":"wp","href":"https:\/\/api.w.org\/{rel}","templated":true}]}}