{"id":242891,"date":"2026-09-02T07:42:28","date_gmt":"2026-09-02T05:42:28","guid":{"rendered":"https:\/\/radiostargjilan.com\/web\/?p=242891"},"modified":"2026-09-02T07:42:28","modified_gmt":"2026-09-02T05:42:28","slug":"nga-marreveshja-kurti-abdixhiku-te-percarja-ne-ldk-sejdiu-perballe-kundershtimit-te-6-deputeteve","status":"publish","type":"post","link":"https:\/\/radiostargjilan.com\/web\/nga-marreveshja-kurti-abdixhiku-te-percarja-ne-ldk-sejdiu-perballe-kundershtimit-te-6-deputeteve\/","title":{"rendered":"Nga marr\u00ebveshja Kurti-Abdixhiku te p\u00ebr\u00e7arja n\u00eb LDK: Sejdiu p\u00ebrball\u00eb kund\u00ebrshtimit t\u00eb 6 deputet\u00ebve"},"content":{"rendered":"<p>Marr\u00ebveshja mes L\u00ebvizjes Vet\u00ebvendosje dhe Lidhjes Demokratike t\u00eb Kosov\u00ebs p\u00ebr kandidatur\u00ebn e Bekim Sejdiut p\u00ebr president t\u00eb Kosov\u00ebs ishte zhvillimi kryesor politik i dit\u00ebs s\u00eb djeshme.<\/p>\n<p>Marr\u00ebveshja u b\u00eb publike nga kryetari i LDK-s\u00eb, Lumir Abdixhiku, pas takimit me kryetarin e LVV-s\u00eb, Albin Kurti, nd\u00ebrsa vet\u00eb Sejdiu konfirmoi se e ka pranuar kandidatur\u00ebn.<\/p>\n<p>Abdixhiku e cil\u00ebsoi dakordimin si nj\u00eb hap n\u00eb interes t\u00eb shtetit, duke theksuar se interesi i Kosov\u00ebs duhet t\u00eb jet\u00eb mbi at\u00eb partiak.<\/p>\n<p>Nga ana tjet\u00ebr, Kurti e p\u00ebrsh\u00ebndeti marr\u00ebveshjen si nj\u00eb mund\u00ebsi p\u00ebr tejkalimin e ng\u00ebr\u00e7it institucional.<\/p>\n<p>Por, marr\u00ebveshja nuk kaloi pa kund\u00ebrshtime, ve\u00e7an\u00ebrisht brenda vet\u00eb LDK-s\u00eb. Deputeti Avdullah Hoti deklaroi qart\u00eb se nuk do ta votoj\u00eb Sejdiun, duke argumentuar se ai nuk \u00ebsht\u00eb figura unifikuese q\u00eb, sipas tij, i duhet vendit.<\/p>\n<p>Edhe deputet\u00eb t\u00eb tjer\u00eb t\u00eb LDK-s\u00eb shpreh\u00ebn rezerva. Gjat\u00eb dit\u00ebs u b\u00eb e ditur se gjasht\u00eb deputet\u00eb t\u00eb k\u00ebsaj partie kan\u00eb deklaruar se nuk do ta mb\u00ebshtesin Sejdiun, \u00e7ka e komplikon marr\u00ebveshjen politike t\u00eb arritur mes dy lider\u00ebve.<\/p>\n<p>Abdixhiku paralajm\u00ebroi se p\u00ebr k\u00ebto q\u00ebndrime mund t\u00eb ket\u00eb edhe masa brenda partis\u00eb.<\/p>\n<p>N\u00eb krahun tjet\u00ebr, pati edhe mb\u00ebshtetje t\u00eb fort\u00eb p\u00ebr kandidatur\u00ebn. Ish-presidentja Vjosa Osmani e p\u00ebrkrahu Sejdiun dhe tha se shpreson q\u00eb LDK-ja t\u2019i ket\u00eb t\u00eb 18 votat p\u00ebr zgjedhjen e tij.<\/p>\n<p>Nd\u00ebrsa deputeti Anton Quni deklaroi se e mb\u00ebshtet kandidatur\u00ebn, duke e vler\u00ebsuar Sejdiun si figur\u00eb q\u00eb mund ta b\u00ebj\u00eb kombin krenar.<\/p>\n<p>An\u00ebtari i Kryesis\u00eb s\u00eb LDK-s\u00eb, Shk\u00ebmb Manaj, shkoi edhe m\u00eb tej duke shprehur bindjen se t\u00eb gjith\u00eb deputet\u00ebt e LDK-s\u00eb do t\u00eb marrin pjes\u00eb n\u00eb votim, madje tha se beson se edhe Hoti n\u00eb fund do ta mb\u00ebshtes\u00eb Sejdiun.<\/p>\n<p>Nga opozita, kryetari i PDK-s\u00eb, Bedri Hamza, ishte i prer\u00eb: PDK-ja nuk do ta votoj\u00eb Bekim Sejdiun.<\/p>\n<p>Ai tha se nj\u00eb president duhet t\u00eb jet\u00eb figur\u00eb unifikuese, por sipas tij, \u201cfillimet\u201d e k\u00ebsaj kandidature nuk jan\u00eb t\u00eb mira. Nj\u00eb dit\u00eb m\u00eb her\u00ebt Hamza kishte ngritur edhe dilemat n\u00ebse LVV-ja dhe LDK-ja do t\u2019i ken\u00eb numrat e nevojsh\u00ebm.<\/p>\n<p>Kandidatura mori nd\u00ebrkoh\u00eb edhe mb\u00ebshtetje nga figura jasht\u00eb sken\u00ebs s\u00eb drejtp\u00ebrdrejt\u00eb politike. Nj\u00eb grup prej 28 veprimtar\u00ebsh dhe intelektual\u00ebsh shqiptaro-amerikan\u00eb u b\u00ebri thirrje deputet\u00ebve q\u00eb ta votojn\u00eb Sejdiun, nd\u00ebrsa Harry Bajraktari e cil\u00ebsoi marr\u00ebveshjen LVV\u2013LDK si lajm t\u00eb mir\u00eb p\u00ebr tejkalimin e ng\u00ebr\u00e7it politik.<\/p>\n<p>N\u00eb fund t\u00eb dit\u00ebs, v\u00ebmendja u zhvendos te numrat n\u00eb Kuvend. LVV dhe LDK s\u00eb bashku kan\u00eb 71 deputet\u00eb, nd\u00ebrsa p\u00ebr zgjedhjen e presidentit nevojitet shumic\u00eb prej dy t\u00eb tretash n\u00eb dy rundet e para, pra 80 vota.<\/p>\n<p>P\u00ebr k\u00ebt\u00eb arsye, p\u00ebrve\u00e7 marr\u00ebveshjes mes Kurtit dhe Abdixhikut, vendimtare mbetet edhe sjellja e deputet\u00ebve q\u00eb nuk jan\u00eb pjes\u00eb e k\u00ebtij dakordimi.<\/p>\n","protected":false},"excerpt":{"rendered":"<p>Marr\u00ebveshja mes L\u00ebvizjes Vet\u00ebvendosje dhe Lidhjes Demokratike t\u00eb Kosov\u00ebs p\u00ebr kandidatur\u00ebn e Bekim Sejdiut p\u00ebr president t\u00eb Kosov\u00ebs ishte zhvillimi kryesor politik i dit\u00ebs s\u00eb djeshme. Marr\u00ebveshja u b\u00eb publike nga kryetari i LDK-s\u00eb, Lumir Abdixhiku, pas takimit me kryetarin e LVV-s\u00eb, Albin Kurti, nd\u00ebrsa vet\u00eb Sejdiu konfirmoi se e ka pranuar kandidatur\u00ebn. Abdixhiku e [&hellip;]<\/p>\n","protected":false},"author":1,"featured_media":242892,"comment_status":"closed","ping_status":"closed","sticky":false,"template":"","format":"standard","meta":{"footnotes":""},"categories":[5],"tags":[],"tmauthors":[136],"class_list":["post-242891","post","type-post","status-publish","format-standard","has-post-thumbnail","category-lajme"],"_links":{"self":[{"href":"https:\/\/radiostargjilan.com\/web\/wp-json\/wp\/v2\/posts\/242891","targetHints":{"allow":["GET"]}}],"collection":[{"href":"https:\/\/radiostargjilan.com\/web\/wp-json\/wp\/v2\/posts"}],"about":[{"href":"https:\/\/radiostargjilan.com\/web\/wp-json\/wp\/v2\/types\/post"}],"author":[{"embeddable":true,"href":"https:\/\/radiostargjilan.com\/web\/wp-json\/wp\/v2\/users\/1"}],"replies":[{"embeddable":true,"href":"https:\/\/radiostargjilan.com\/web\/wp-json\/wp\/v2\/comments?post=242891"}],"version-history":[{"count":1,"href":"https:\/\/radiostargjilan.com\/web\/wp-json\/wp\/v2\/posts\/242891\/revisions"}],"predecessor-version":[{"id":242893,"href":"https:\/\/radiostargjilan.com\/web\/wp-json\/wp\/v2\/posts\/242891\/revisions\/242893"}],"wp:featuredmedia":[{"embeddable":true,"href":"https:\/\/radiostargjilan.com\/web\/wp-json\/wp\/v2\/media\/242892"}],"wp:attachment":[{"href":"https:\/\/radiostargjilan.com\/web\/wp-json\/wp\/v2\/media?parent=242891"}],"wp:term":[{"taxonomy":"category","embeddable":true,"href":"https:\/\/radiostargjilan.com\/web\/wp-json\/wp\/v2\/categories?post=242891"},{"taxonomy":"post_tag","embeddable":true,"href":"https:\/\/radiostargjilan.com\/web\/wp-json\/wp\/v2\/tags?post=242891"},{"taxonomy":"tmauthors","embeddable":true,"href":"https:\/\/radiostargjilan.com\/web\/wp-json\/wp\/v2\/tmauthors?post=242891"}],"curies":[{"name":"wp","href":"https:\/\/api.w.org\/{rel}","templated":true}]}}