{"id":242894,"date":"2026-09-02T07:54:01","date_gmt":"2026-09-02T05:54:01","guid":{"rendered":"https:\/\/radiostargjilan.com\/web\/?p=242894"},"modified":"2026-09-02T07:54:01","modified_gmt":"2026-09-02T05:54:01","slug":"pas-12-vitesh-ne-krye-te-sbashk-ut-rrahman-jasharaj-pritet-te-pensionohet-ne-dhjetor","status":"publish","type":"post","link":"https:\/\/radiostargjilan.com\/web\/pas-12-vitesh-ne-krye-te-sbashk-ut-rrahman-jasharaj-pritet-te-pensionohet-ne-dhjetor\/","title":{"rendered":"Pas 12 vitesh n\u00eb krye t\u00eb SBASHK-ut, Rrahman Jasharaj pritet t\u00eb pensionohet n\u00eb dhjetor"},"content":{"rendered":"<p>Nga viti 2014, \u00ebsht\u00eb n\u00eb krye t\u00eb Sindikat\u00ebs s\u00eb Bashkuar t\u00eb Arsimit.<\/p>\n<p>K\u00ebshtu p\u00ebr 12 vjet me radh\u00eb, Rrahman Jashari,  u b\u00eb z\u00ebri i m\u00ebsueseve n\u00eb Kosov\u00eb.<\/p>\n<p>Por, n\u00eb dhjetor t\u00eb k\u00ebtij viti, Jashari pritet ta dor\u00ebzoj\u00eb mandatin e kryesindikalistit.<\/p>\n<p>Shkak p\u00ebr k\u00ebt\u00eb, \u00ebsht\u00eb dit\u00eblindja e 65-t\u00eb, q\u00eb sh\u00ebnon edhe daljen n\u00eb pension.<\/p>\n<p>N\u00eb nj\u00eb intervist\u00eb p\u00ebr T\u00ebv\u00eb1, Jashari ka rr\u00ebfyer momentet t\u00eb cilat ai nuk do t\u00eb harroj\u00eb asnj\u00ebher\u00eb .<\/p>\n<p>\u201cKur e kishim grev\u00ebn maratonike prej pes\u00eb jav\u00ebsh, le q\u00eb kishim p\u00ebrplasje e biseda nga larg me Qeverin\u00eb e cila u kthye n\u00eb nj\u00eb qeveri e cila i sulmonte SBASHK-un sidomos. Por ajo \u00e7ka ishte m\u00eb e keqe ishte kritika pa vend e pa arsye qe i b\u00ebnin nj\u00eb pjes\u00eb goxha e madhe n\u00eb facebook, me ofendime nga m\u00eb t\u00eb ndryshme jo vet\u00ebm p\u00ebr mua por edhe p\u00ebr koleg\u00ebt e mi. Sidomos pas grev\u00ebs kemi pas momente t\u00eb r\u00ebnda\u201d, ka deklaruar kryetari i SBASHK-ut, Rrahman Jashari.<\/p>\n<p>P\u00ebr shkak t\u00eb k\u00ebtyre grevave q\u00eb u mbajt\u00ebn n\u00eb shtatorin e 2022 ai mori ofendime t\u00eb shumta.<\/p>\n<p>Mir\u00ebpo  kryetari i SBASHK tregon se cili moment gjat\u00eb pun\u00ebs, e preku m\u00eb s\u00eb shumti n\u00eb jet\u00eb.<\/p>\n<p>\u201cMomenti q\u00eb nuk e kam fshehur kurr\u00eb \u00ebsht\u00eb momenti i g\u00ebnjeshtr\u00ebs t\u00eb cil\u00ebn u mundua t\u00eb shpalos n\u00eb media nj\u00ebri nga udh\u00ebheq\u00ebsit e Vet\u00ebvendosjes q\u00eb ishte Elvis Hoxha i cili u mundua t\u00eb g\u00ebnjej\u00eb dhe t\u00eb bart\u00eb n\u00eb nj\u00eb parti q\u00eb ishte me z\u00ebrin m\u00eb t\u00eb keq n\u00eb vitet e 90, ishte fjala n\u00eb partin\u00eb e kryekriminelit t\u00eb Ballkanit, Milloshevic\u201d, tha tutje Jashari.<\/p>\n<p>Njeriu i cili organizoi shum\u00eb greva p\u00ebr t\u00eb drejtat e m\u00ebsimdh\u00ebn\u00ebsve, ka nj\u00eb porosi p\u00ebr k\u00ebdo q\u00eb merr drejtimin e k\u00ebsaj Sindikate.<\/p>\n<p>\u201cAi apo Ajo q\u00eb merr k\u00ebt\u00eb pozit\u00eb duhet t\u00eb dij\u00eb q\u00eb ka sfida t\u00eb shumta duhet t\u00eb din\u00eb q\u00eb n\u00eb SBASHK ka probleme. Kur jan\u00eb pun\u00ebt mir\u00eb, trokimat n\u00eb der\u00ebn ton\u00eb jan\u00eb bukur t\u00eb rralla edhe telefonatat jan\u00eb m\u00eb t\u00eb shpeshta kur paraqiten problemet , i uroj atij q\u00eb vjen n\u00eb vendit tim q\u00eb t\u00eb vazhdoj\u00eb dhe  e  ka t\u00eb leht\u00eb t\u00eb vazhdoj\u00eb meqen\u00ebse e ka nj\u00eb rrug\u00eb q\u00eb e kemi trasuar , uroj q\u00eb ta ruaj besimin e nd\u00ebrsjell\u00eb dhe unitetin\u201d, ka p\u00ebrfunduar Jashari.<\/p>\n<p>Ndryshe, n\u00eb dhjetor pritet t\u00eb mbahet edhe mbledhja e K\u00ebshillit t\u00eb P\u00ebrgjithsh\u00ebm t\u00eb SBASHK-ut ku pritet t\u00eb em\u00ebrtohet kryetari i ri.<\/p>\n","protected":false},"excerpt":{"rendered":"<p>Nga viti 2014, \u00ebsht\u00eb n\u00eb krye t\u00eb Sindikat\u00ebs s\u00eb Bashkuar t\u00eb Arsimit. K\u00ebshtu p\u00ebr 12 vjet me radh\u00eb, Rrahman Jashari, u b\u00eb z\u00ebri i m\u00ebsueseve n\u00eb Kosov\u00eb. Por, n\u00eb dhjetor t\u00eb k\u00ebtij viti, Jashari pritet ta dor\u00ebzoj\u00eb mandatin e kryesindikalistit. Shkak p\u00ebr k\u00ebt\u00eb, \u00ebsht\u00eb dit\u00eblindja e 65-t\u00eb, q\u00eb sh\u00ebnon edhe daljen n\u00eb pension. N\u00eb nj\u00eb [&hellip;]<\/p>\n","protected":false},"author":1,"featured_media":242895,"comment_status":"closed","ping_status":"closed","sticky":false,"template":"","format":"standard","meta":{"footnotes":""},"categories":[5],"tags":[],"tmauthors":[136],"class_list":["post-242894","post","type-post","status-publish","format-standard","has-post-thumbnail","category-lajme"],"_links":{"self":[{"href":"https:\/\/radiostargjilan.com\/web\/wp-json\/wp\/v2\/posts\/242894","targetHints":{"allow":["GET"]}}],"collection":[{"href":"https:\/\/radiostargjilan.com\/web\/wp-json\/wp\/v2\/posts"}],"about":[{"href":"https:\/\/radiostargjilan.com\/web\/wp-json\/wp\/v2\/types\/post"}],"author":[{"embeddable":true,"href":"https:\/\/radiostargjilan.com\/web\/wp-json\/wp\/v2\/users\/1"}],"replies":[{"embeddable":true,"href":"https:\/\/radiostargjilan.com\/web\/wp-json\/wp\/v2\/comments?post=242894"}],"version-history":[{"count":1,"href":"https:\/\/radiostargjilan.com\/web\/wp-json\/wp\/v2\/posts\/242894\/revisions"}],"predecessor-version":[{"id":242896,"href":"https:\/\/radiostargjilan.com\/web\/wp-json\/wp\/v2\/posts\/242894\/revisions\/242896"}],"wp:featuredmedia":[{"embeddable":true,"href":"https:\/\/radiostargjilan.com\/web\/wp-json\/wp\/v2\/media\/242895"}],"wp:attachment":[{"href":"https:\/\/radiostargjilan.com\/web\/wp-json\/wp\/v2\/media?parent=242894"}],"wp:term":[{"taxonomy":"category","embeddable":true,"href":"https:\/\/radiostargjilan.com\/web\/wp-json\/wp\/v2\/categories?post=242894"},{"taxonomy":"post_tag","embeddable":true,"href":"https:\/\/radiostargjilan.com\/web\/wp-json\/wp\/v2\/tags?post=242894"},{"taxonomy":"tmauthors","embeddable":true,"href":"https:\/\/radiostargjilan.com\/web\/wp-json\/wp\/v2\/tmauthors?post=242894"}],"curies":[{"name":"wp","href":"https:\/\/api.w.org\/{rel}","templated":true}]}}