{"id":242900,"date":"2026-09-02T08:02:09","date_gmt":"2026-09-02T06:02:09","guid":{"rendered":"https:\/\/radiostargjilan.com\/web\/?p=242900"},"modified":"2026-09-02T08:02:09","modified_gmt":"2026-09-02T06:02:09","slug":"kurti-e-quan-absurd-vendimin-e-6shes-se-ldkse-paralajmeron-takime-te-tjera-me-abdixhikun","status":"publish","type":"post","link":"https:\/\/radiostargjilan.com\/web\/kurti-e-quan-absurd-vendimin-e-6shes-se-ldkse-paralajmeron-takime-te-tjera-me-abdixhikun\/","title":{"rendered":"Kurti e quan \u2018absurd\u2019 vendimin e 6\u2019shes s\u00eb LDK\u2019s\u00eb, paralajm\u00ebron takime t\u00eb tjera me Abdixhikun"},"content":{"rendered":"<p>Kreyministri n\u00eb detyr\u00eb, Albin Kurti, n\u00eb konferenc\u00ebn p\u00ebr media e ka quajtur situat\u00eb t\u00eb re refuzimin e emrit t\u00eb kandidatit p\u00ebr President, Bekim Sejdiun, p\u00ebr t\u00eb cilin u dakorduan me kryesin\u00ebr e Lidhjes Demokratike t\u00eb Kosov\u00ebs, nga gjasht\u00eb deputet\u00ebt e k\u00ebsaj partie, shkruan Gazeta Metro.<\/p>\n<p>\u201cPat\u00ebm nj\u00eb mbledhje me GP-n\u00eb e VV-s\u00eb, me \u00e7\u2019rast t\u00eb gjith\u00eb e mir\u00ebprit\u00ebn procesin negociator t\u00eb zhvilluar me LDK-n\u00eb dhe marr\u00ebveshjen q\u00eb kemi arritur me emrin e p\u00ebrve\u00e7\u00ebm t\u00eb kandidatit t\u00eb p\u00ebrbashk\u00ebt, me atributet e larta, profesor Bekim Sejdiun. Un\u00eb isha shum\u00eb i lumtur q\u00eb mb\u00ebshtetja ishte e plot\u00eb nga t\u00eb gjith\u00eb deputet\u00ebt e Grupit ton\u00eb Parlamentar p\u00ebr Bekim Sejdiun si President i Republik\u00ebs s\u00eb Kosov\u00ebs. Natyrisht q\u00eb kjo mbledhje ishte n\u00eb dijeni t\u00eb zhvillimeve t\u00eb koh\u00ebve t\u00eb fundit, ku, n\u00eb nj\u00ebr\u00ebn an\u00eb, ishte shpres\u00ebdh\u00ebn\u00ebs q\u00ebndrimi i Kryesis\u00eb s\u00eb LDK-s\u00eb, por, n\u00eb an\u00ebn tjet\u00ebr, pat\u00ebm edhe njoftimin negativ q\u00eb 6 deputet\u00eb nga 18 sa i ka LDK-ja nuk e mb\u00ebshtesin Sejdiun p\u00ebr President t\u00eb Republik\u00ebs.\u201d, u shpreh Kurti.<\/p>\n<p>Ai tutje paralajm\u00ebroi takime t\u00eb radh\u00ebs me kreun e LDK\u2019s\u00eb, Lumir Abdixhikun.<\/p>\n<p>\u201cKjo \u00ebsht\u00eb nj\u00eb situat\u00eb e re q\u00eb k\u00ebrkon, n\u00eb nj\u00ebr\u00ebn an\u00eb, q\u00eb un\u00eb t\u00eb takohem p\u00ebrs\u00ebri me kryetarin e LDK-s\u00eb dhe t\u00eb rikthehemi n\u00eb Kryesin\u00eb e VV-s\u00eb p\u00ebr ta diskutuar rrethan\u00ebn e re dhe rrug\u00ebn q\u00eb duhet ta ndjekim p\u00ebrpara\u201d, tha ai.<\/p>\n<p>Ai e konsideroi si absurd q\u00ebndrimin e deputet\u00ebve q\u00eb u shpreh\u00ebn kund\u00ebr Sejdiut.<\/p>\n<p>\u201cP\u00ebr bindjen time t\u00eb fuqishme, por edhe t\u00eb gjith\u00eb deputet\u00ebve q\u00eb ishin t\u00eb pranish\u00ebm sot n\u00eb k\u00ebt\u00eb mbledhje, konsiderojm\u00eb t\u00eb pap\u00ebrgjegjshme, t\u00eb d\u00ebmshme, absurde nj\u00eb sjellje t\u00eb till\u00eb t\u00eb k\u00ebtyre 6 deputet\u00ebve, ku, pas 3 pal\u00eb zgjedhjeve, duket se ka d\u00ebshir\u00eb, vullnet e interes t\u00eb shkojm\u00eb n\u00eb zgjedhjet e kat\u00ebrta p\u00ebr m\u00eb pak se 2 vjet.Qytetar\u00ebt kan\u00eb folur edhe m\u00eb 9 shkurt, m\u00eb 28 dhjetor t\u00eb vitit 2025, kan\u00eb folur edhe m\u00eb 7 qershor 2026. Nuk do t\u00eb duhej q\u00eb, pa arsye, pa nevoj\u00eb, p\u00ebrs\u00ebri t\u00eb shkojm\u00eb n\u00eb zgjedhje t\u00eb parakohshme q\u00eb jan\u00eb t\u00eb d\u00ebmshme p\u00ebr stabilitetin institucional, p\u00ebr funksionimin demokratik, por nj\u00ebkoh\u00ebsisht edhe p\u00ebr buxhetin e shtetit\u201d, deklaroi Kurti.\/gazetametro.net<\/p>\n","protected":false},"excerpt":{"rendered":"<p>Kreyministri n\u00eb detyr\u00eb, Albin Kurti, n\u00eb konferenc\u00ebn p\u00ebr media e ka quajtur situat\u00eb t\u00eb re refuzimin e emrit t\u00eb kandidatit p\u00ebr President, Bekim Sejdiun, p\u00ebr t\u00eb cilin u dakorduan me kryesin\u00ebr e Lidhjes Demokratike t\u00eb Kosov\u00ebs, nga gjasht\u00eb deputet\u00ebt e k\u00ebsaj partie, shkruan Gazeta Metro. \u201cPat\u00ebm nj\u00eb mbledhje me GP-n\u00eb e VV-s\u00eb, me \u00e7\u2019rast t\u00eb [&hellip;]<\/p>\n","protected":false},"author":1,"featured_media":242901,"comment_status":"closed","ping_status":"closed","sticky":false,"template":"","format":"standard","meta":{"footnotes":""},"categories":[5],"tags":[],"tmauthors":[136],"class_list":["post-242900","post","type-post","status-publish","format-standard","has-post-thumbnail","category-lajme"],"_links":{"self":[{"href":"https:\/\/radiostargjilan.com\/web\/wp-json\/wp\/v2\/posts\/242900","targetHints":{"allow":["GET"]}}],"collection":[{"href":"https:\/\/radiostargjilan.com\/web\/wp-json\/wp\/v2\/posts"}],"about":[{"href":"https:\/\/radiostargjilan.com\/web\/wp-json\/wp\/v2\/types\/post"}],"author":[{"embeddable":true,"href":"https:\/\/radiostargjilan.com\/web\/wp-json\/wp\/v2\/users\/1"}],"replies":[{"embeddable":true,"href":"https:\/\/radiostargjilan.com\/web\/wp-json\/wp\/v2\/comments?post=242900"}],"version-history":[{"count":1,"href":"https:\/\/radiostargjilan.com\/web\/wp-json\/wp\/v2\/posts\/242900\/revisions"}],"predecessor-version":[{"id":242902,"href":"https:\/\/radiostargjilan.com\/web\/wp-json\/wp\/v2\/posts\/242900\/revisions\/242902"}],"wp:featuredmedia":[{"embeddable":true,"href":"https:\/\/radiostargjilan.com\/web\/wp-json\/wp\/v2\/media\/242901"}],"wp:attachment":[{"href":"https:\/\/radiostargjilan.com\/web\/wp-json\/wp\/v2\/media?parent=242900"}],"wp:term":[{"taxonomy":"category","embeddable":true,"href":"https:\/\/radiostargjilan.com\/web\/wp-json\/wp\/v2\/categories?post=242900"},{"taxonomy":"post_tag","embeddable":true,"href":"https:\/\/radiostargjilan.com\/web\/wp-json\/wp\/v2\/tags?post=242900"},{"taxonomy":"tmauthors","embeddable":true,"href":"https:\/\/radiostargjilan.com\/web\/wp-json\/wp\/v2\/tmauthors?post=242900"}],"curies":[{"name":"wp","href":"https:\/\/api.w.org\/{rel}","templated":true}]}}