{"id":242903,"date":"2026-09-02T08:04:27","date_gmt":"2026-09-02T06:04:27","guid":{"rendered":"https:\/\/radiostargjilan.com\/web\/?p=242903"},"modified":"2026-09-02T08:04:27","modified_gmt":"2026-09-02T06:04:27","slug":"pdk-dhe-aleanca-bllokojne-hyrjen-e-qeverise-iu-bashkohen-asambliste-dhe-aktiviste-nga-drenasi","status":"publish","type":"post","link":"https:\/\/radiostargjilan.com\/web\/pdk-dhe-aleanca-bllokojne-hyrjen-e-qeverise-iu-bashkohen-asambliste-dhe-aktiviste-nga-drenasi\/","title":{"rendered":"PDK dhe Aleanca bllokojn\u00eb hyrjen e Qeveris\u00eb, iu bashkohen asamblist\u00eb dhe aktivist\u00eb nga Drenasi"},"content":{"rendered":"<p>Partia Demokratike e Kosov\u00ebs (PDK) ka vazhduar edhe sot aksionin para Qeveris\u00eb s\u00eb Kosov\u00ebs, s\u00eb bashku me deputet\u00eb t\u00eb Aleanc\u00ebs<\/p>\n<p>N\u00eb aksion jan\u00eb bashkuar edhe asamblist\u00eb dhe aktivist\u00eb nga Komuna e Drenasit.<\/p>\n<p>PDK-ja dhe Aleanca kan\u00eb zhvilluar aksione t\u00eb ngjashme edhe gjat\u00eb jav\u00ebve t\u00eb kaluara, duke k\u00ebrkuar thirrjen e seanc\u00ebs dhe konstituimin e institucioneve t\u00eb Kosov\u00ebs.<\/p>\n","protected":false},"excerpt":{"rendered":"<p>Partia Demokratike e Kosov\u00ebs (PDK) ka vazhduar edhe sot aksionin para Qeveris\u00eb s\u00eb Kosov\u00ebs, s\u00eb bashku me deputet\u00eb t\u00eb Aleanc\u00ebs N\u00eb aksion jan\u00eb bashkuar edhe asamblist\u00eb dhe aktivist\u00eb nga Komuna e Drenasit. PDK-ja dhe Aleanca kan\u00eb zhvilluar aksione t\u00eb ngjashme edhe gjat\u00eb jav\u00ebve t\u00eb kaluara, duke k\u00ebrkuar thirrjen e seanc\u00ebs dhe konstituimin e institucioneve t\u00eb [&hellip;]<\/p>\n","protected":false},"author":1,"featured_media":242904,"comment_status":"closed","ping_status":"closed","sticky":false,"template":"","format":"standard","meta":{"footnotes":""},"categories":[5],"tags":[],"tmauthors":[136],"class_list":["post-242903","post","type-post","status-publish","format-standard","has-post-thumbnail","category-lajme"],"_links":{"self":[{"href":"https:\/\/radiostargjilan.com\/web\/wp-json\/wp\/v2\/posts\/242903","targetHints":{"allow":["GET"]}}],"collection":[{"href":"https:\/\/radiostargjilan.com\/web\/wp-json\/wp\/v2\/posts"}],"about":[{"href":"https:\/\/radiostargjilan.com\/web\/wp-json\/wp\/v2\/types\/post"}],"author":[{"embeddable":true,"href":"https:\/\/radiostargjilan.com\/web\/wp-json\/wp\/v2\/users\/1"}],"replies":[{"embeddable":true,"href":"https:\/\/radiostargjilan.com\/web\/wp-json\/wp\/v2\/comments?post=242903"}],"version-history":[{"count":1,"href":"https:\/\/radiostargjilan.com\/web\/wp-json\/wp\/v2\/posts\/242903\/revisions"}],"predecessor-version":[{"id":242905,"href":"https:\/\/radiostargjilan.com\/web\/wp-json\/wp\/v2\/posts\/242903\/revisions\/242905"}],"wp:featuredmedia":[{"embeddable":true,"href":"https:\/\/radiostargjilan.com\/web\/wp-json\/wp\/v2\/media\/242904"}],"wp:attachment":[{"href":"https:\/\/radiostargjilan.com\/web\/wp-json\/wp\/v2\/media?parent=242903"}],"wp:term":[{"taxonomy":"category","embeddable":true,"href":"https:\/\/radiostargjilan.com\/web\/wp-json\/wp\/v2\/categories?post=242903"},{"taxonomy":"post_tag","embeddable":true,"href":"https:\/\/radiostargjilan.com\/web\/wp-json\/wp\/v2\/tags?post=242903"},{"taxonomy":"tmauthors","embeddable":true,"href":"https:\/\/radiostargjilan.com\/web\/wp-json\/wp\/v2\/tmauthors?post=242903"}],"curies":[{"name":"wp","href":"https:\/\/api.w.org\/{rel}","templated":true}]}}