{"id":242906,"date":"2026-09-02T08:09:10","date_gmt":"2026-09-02T06:09:10","guid":{"rendered":"https:\/\/radiostargjilan.com\/web\/?p=242906"},"modified":"2026-09-02T08:09:10","modified_gmt":"2026-09-02T06:09:10","slug":"kujtim-shala-gjithmone-kunder-bashkepunimit-me-albin-kurtin","status":"publish","type":"post","link":"https:\/\/radiostargjilan.com\/web\/kujtim-shala-gjithmone-kunder-bashkepunimit-me-albin-kurtin\/","title":{"rendered":"Kujtim Shala: Gjithmon\u00eb kund\u00ebr bashk\u00ebpunimit me Albin Kurtin"},"content":{"rendered":"<p>Kujtim Shala \u00ebsht\u00eb nj\u00eb nga gjasht\u00eb deputet\u00ebt e LDK-s\u00eb q\u00eb ka deklaruar se nuk do t\u00eb votoj\u00eb p\u00ebr Bekim Sejdiun si President.<\/p>\n<p>Ai \u00ebsht\u00eb pyetur nga \u201cUlpianaPress\u201d, se cili \u00ebsht\u00eb q\u00ebndrimi i tij, Shala tha se gjithnj\u00eb \u00ebsht\u00eb kund\u00ebr bashk\u00ebpunimt me Albin Kurtin.<\/p>\n<p>\u201cGjithmon\u00eb kund\u00ebr bashk\u00ebpunimit me Albin Kurtin, \u00ebsht\u00eb gj\u00eb e njohur\u201d, ka th\u00ebn\u00eb ai.<\/p>\n","protected":false},"excerpt":{"rendered":"<p>Kujtim Shala \u00ebsht\u00eb nj\u00eb nga gjasht\u00eb deputet\u00ebt e LDK-s\u00eb q\u00eb ka deklaruar se nuk do t\u00eb votoj\u00eb p\u00ebr Bekim Sejdiun si President. Ai \u00ebsht\u00eb pyetur nga \u201cUlpianaPress\u201d, se cili \u00ebsht\u00eb q\u00ebndrimi i tij, Shala tha se gjithnj\u00eb \u00ebsht\u00eb kund\u00ebr bashk\u00ebpunimt me Albin Kurtin. \u201cGjithmon\u00eb kund\u00ebr bashk\u00ebpunimit me Albin Kurtin, \u00ebsht\u00eb gj\u00eb e njohur\u201d, ka th\u00ebn\u00eb [&hellip;]<\/p>\n","protected":false},"author":1,"featured_media":242907,"comment_status":"closed","ping_status":"closed","sticky":false,"template":"","format":"standard","meta":{"footnotes":""},"categories":[5],"tags":[],"tmauthors":[136],"class_list":["post-242906","post","type-post","status-publish","format-standard","has-post-thumbnail","category-lajme"],"_links":{"self":[{"href":"https:\/\/radiostargjilan.com\/web\/wp-json\/wp\/v2\/posts\/242906","targetHints":{"allow":["GET"]}}],"collection":[{"href":"https:\/\/radiostargjilan.com\/web\/wp-json\/wp\/v2\/posts"}],"about":[{"href":"https:\/\/radiostargjilan.com\/web\/wp-json\/wp\/v2\/types\/post"}],"author":[{"embeddable":true,"href":"https:\/\/radiostargjilan.com\/web\/wp-json\/wp\/v2\/users\/1"}],"replies":[{"embeddable":true,"href":"https:\/\/radiostargjilan.com\/web\/wp-json\/wp\/v2\/comments?post=242906"}],"version-history":[{"count":1,"href":"https:\/\/radiostargjilan.com\/web\/wp-json\/wp\/v2\/posts\/242906\/revisions"}],"predecessor-version":[{"id":242908,"href":"https:\/\/radiostargjilan.com\/web\/wp-json\/wp\/v2\/posts\/242906\/revisions\/242908"}],"wp:featuredmedia":[{"embeddable":true,"href":"https:\/\/radiostargjilan.com\/web\/wp-json\/wp\/v2\/media\/242907"}],"wp:attachment":[{"href":"https:\/\/radiostargjilan.com\/web\/wp-json\/wp\/v2\/media?parent=242906"}],"wp:term":[{"taxonomy":"category","embeddable":true,"href":"https:\/\/radiostargjilan.com\/web\/wp-json\/wp\/v2\/categories?post=242906"},{"taxonomy":"post_tag","embeddable":true,"href":"https:\/\/radiostargjilan.com\/web\/wp-json\/wp\/v2\/tags?post=242906"},{"taxonomy":"tmauthors","embeddable":true,"href":"https:\/\/radiostargjilan.com\/web\/wp-json\/wp\/v2\/tmauthors?post=242906"}],"curies":[{"name":"wp","href":"https:\/\/api.w.org\/{rel}","templated":true}]}}