{"id":242912,"date":"2026-09-02T08:17:41","date_gmt":"2026-09-02T06:17:41","guid":{"rendered":"https:\/\/radiostargjilan.com\/web\/?p=242912"},"modified":"2026-09-02T08:17:41","modified_gmt":"2026-09-02T06:17:41","slug":"gazi-lotsjelles-shpallet-aktgjykimi-ndaj-xhelal-svecles","status":"publish","type":"post","link":"https:\/\/radiostargjilan.com\/web\/gazi-lotsjelles-shpallet-aktgjykimi-ndaj-xhelal-svecles\/","title":{"rendered":"Gazi lotsjell\u00ebs: Shpallet aktgjykimi ndaj Xhelal Sve\u00e7l\u00ebs"},"content":{"rendered":"<p>K\u00ebt\u00eb t\u00eb m\u00ebrkur\u00eb, do t\u00eb shpallet aktgjykimi ndaj ministrit n\u00eb detyr\u00eb t\u00eb Pun\u00ebve t\u00eb Brendshme, Xhelal Sve\u00e7la, i cili akuzohet p\u00ebr hedhjen e gazit lotsjell\u00ebs n\u00eb Kuvendin e Kosov\u00ebs.<\/p>\n<p>Seanca gjyq\u00ebsore do t\u00eb zhvillohet n\u00eb Pallatin e Drejt\u00ebsis\u00eb, me fillim nga ora 09:00, transmeton Klankosova.tv.<\/p>\n<p>N\u00eb seanc\u00ebn e kaluar, gjat\u00eb deklarimit n\u00eb gjykat\u00eb, Sve\u00e7la tha se veprimi i tyre ka qen\u00eb politik dhe se nuk e ndien veten fajtor.<\/p>\n<p>\u201cNuk e ndiej veten fajtor\u2026 akti yn\u00eb ka qen\u00eb nj\u00eb akt t\u00ebr\u00ebsisht politik, me q\u00ebllim jo t\u00eb pengojm\u00eb personat n\u00eb kryerjen e detyr\u00ebs zyrtare, por t\u00eb parandalojm\u00eb faljen ose shitjen e 8200 hektar\u00ebve tok\u00eb t\u00eb Republik\u00ebs s\u00eb Kosov\u00ebs&#8221;, kishte deklaruar ai.<\/p>\n<p>Nd\u00ebrkoh\u00eb, Gjykata ka vendosur ta ndaj\u00eb procedur\u00ebn penale ndaj Sve\u00e7l\u00ebs nga ajo e t\u00eb pandehurve t\u00eb tjer\u00eb n\u00eb k\u00ebt\u00eb rast.<\/p>\n","protected":false},"excerpt":{"rendered":"<p>K\u00ebt\u00eb t\u00eb m\u00ebrkur\u00eb, do t\u00eb shpallet aktgjykimi ndaj ministrit n\u00eb detyr\u00eb t\u00eb Pun\u00ebve t\u00eb Brendshme, Xhelal Sve\u00e7la, i cili akuzohet p\u00ebr hedhjen e gazit lotsjell\u00ebs n\u00eb Kuvendin e Kosov\u00ebs. Seanca gjyq\u00ebsore do t\u00eb zhvillohet n\u00eb Pallatin e Drejt\u00ebsis\u00eb, me fillim nga ora 09:00, transmeton Klankosova.tv. N\u00eb seanc\u00ebn e kaluar, gjat\u00eb deklarimit n\u00eb gjykat\u00eb, Sve\u00e7la tha [&hellip;]<\/p>\n","protected":false},"author":1,"featured_media":242913,"comment_status":"closed","ping_status":"closed","sticky":false,"template":"","format":"standard","meta":{"footnotes":""},"categories":[5],"tags":[],"tmauthors":[136],"class_list":["post-242912","post","type-post","status-publish","format-standard","has-post-thumbnail","category-lajme"],"_links":{"self":[{"href":"https:\/\/radiostargjilan.com\/web\/wp-json\/wp\/v2\/posts\/242912","targetHints":{"allow":["GET"]}}],"collection":[{"href":"https:\/\/radiostargjilan.com\/web\/wp-json\/wp\/v2\/posts"}],"about":[{"href":"https:\/\/radiostargjilan.com\/web\/wp-json\/wp\/v2\/types\/post"}],"author":[{"embeddable":true,"href":"https:\/\/radiostargjilan.com\/web\/wp-json\/wp\/v2\/users\/1"}],"replies":[{"embeddable":true,"href":"https:\/\/radiostargjilan.com\/web\/wp-json\/wp\/v2\/comments?post=242912"}],"version-history":[{"count":1,"href":"https:\/\/radiostargjilan.com\/web\/wp-json\/wp\/v2\/posts\/242912\/revisions"}],"predecessor-version":[{"id":242914,"href":"https:\/\/radiostargjilan.com\/web\/wp-json\/wp\/v2\/posts\/242912\/revisions\/242914"}],"wp:featuredmedia":[{"embeddable":true,"href":"https:\/\/radiostargjilan.com\/web\/wp-json\/wp\/v2\/media\/242913"}],"wp:attachment":[{"href":"https:\/\/radiostargjilan.com\/web\/wp-json\/wp\/v2\/media?parent=242912"}],"wp:term":[{"taxonomy":"category","embeddable":true,"href":"https:\/\/radiostargjilan.com\/web\/wp-json\/wp\/v2\/categories?post=242912"},{"taxonomy":"post_tag","embeddable":true,"href":"https:\/\/radiostargjilan.com\/web\/wp-json\/wp\/v2\/tags?post=242912"},{"taxonomy":"tmauthors","embeddable":true,"href":"https:\/\/radiostargjilan.com\/web\/wp-json\/wp\/v2\/tmauthors?post=242912"}],"curies":[{"name":"wp","href":"https:\/\/api.w.org\/{rel}","templated":true}]}}