{"id":242915,"date":"2026-09-02T08:19:14","date_gmt":"2026-09-02T06:19:14","guid":{"rendered":"https:\/\/radiostargjilan.com\/web\/?p=242915"},"modified":"2026-09-02T08:19:14","modified_gmt":"2026-09-02T06:19:14","slug":"grenell-mbeshtet-gjashte-deputetet-e-ldk-se-qe-u-deklaruan-kunder-bekim-sejdiut","status":"publish","type":"post","link":"https:\/\/radiostargjilan.com\/web\/grenell-mbeshtet-gjashte-deputetet-e-ldk-se-qe-u-deklaruan-kunder-bekim-sejdiut\/","title":{"rendered":"Grenell mb\u00ebshtet gjasht\u00eb deputet\u00ebt e LDK-s\u00eb q\u00eb u deklaruan kund\u00ebr Bekim Sejdiut"},"content":{"rendered":"<p>Ish emisari amerikan Ballkanin, Richard Grenell ka mb\u00ebshtetur gjasht\u00eb deputet\u00ebt e Lidhjes Demokratike t\u00eb Kosov\u00ebs, t\u00eb cil\u00ebt kan\u00eb deklaruar se nuk do ta votojn\u00eb kandidatin p\u00ebr president, Bekim Sejdiun.<\/p>\n<p>Grenell n\u00eb nj\u00eb postim n\u00eb rrjetin X ka publikuar nj\u00eb fotografi t\u00eb gjasht\u00eb kandidat\u00ebve t\u00eb LDK-s\u00eb me nj\u00eb mbishkrim.<\/p>\n<p>\u201cMiku im Avdullah Hoti dhe koleg\u00ebt e tij jan\u00eb miq t\u00eb m\u00ebdhenj t\u00eb Amerik\u00ebs\u201d, ka shkruar ai.<\/p>\n","protected":false},"excerpt":{"rendered":"<p>Ish emisari amerikan Ballkanin, Richard Grenell ka mb\u00ebshtetur gjasht\u00eb deputet\u00ebt e Lidhjes Demokratike t\u00eb Kosov\u00ebs, t\u00eb cil\u00ebt kan\u00eb deklaruar se nuk do ta votojn\u00eb kandidatin p\u00ebr president, Bekim Sejdiun. Grenell n\u00eb nj\u00eb postim n\u00eb rrjetin X ka publikuar nj\u00eb fotografi t\u00eb gjasht\u00eb kandidat\u00ebve t\u00eb LDK-s\u00eb me nj\u00eb mbishkrim. \u201cMiku im Avdullah Hoti dhe koleg\u00ebt e [&hellip;]<\/p>\n","protected":false},"author":1,"featured_media":242916,"comment_status":"closed","ping_status":"closed","sticky":false,"template":"","format":"standard","meta":{"footnotes":""},"categories":[5],"tags":[],"tmauthors":[136],"class_list":["post-242915","post","type-post","status-publish","format-standard","has-post-thumbnail","category-lajme"],"_links":{"self":[{"href":"https:\/\/radiostargjilan.com\/web\/wp-json\/wp\/v2\/posts\/242915","targetHints":{"allow":["GET"]}}],"collection":[{"href":"https:\/\/radiostargjilan.com\/web\/wp-json\/wp\/v2\/posts"}],"about":[{"href":"https:\/\/radiostargjilan.com\/web\/wp-json\/wp\/v2\/types\/post"}],"author":[{"embeddable":true,"href":"https:\/\/radiostargjilan.com\/web\/wp-json\/wp\/v2\/users\/1"}],"replies":[{"embeddable":true,"href":"https:\/\/radiostargjilan.com\/web\/wp-json\/wp\/v2\/comments?post=242915"}],"version-history":[{"count":1,"href":"https:\/\/radiostargjilan.com\/web\/wp-json\/wp\/v2\/posts\/242915\/revisions"}],"predecessor-version":[{"id":242917,"href":"https:\/\/radiostargjilan.com\/web\/wp-json\/wp\/v2\/posts\/242915\/revisions\/242917"}],"wp:featuredmedia":[{"embeddable":true,"href":"https:\/\/radiostargjilan.com\/web\/wp-json\/wp\/v2\/media\/242916"}],"wp:attachment":[{"href":"https:\/\/radiostargjilan.com\/web\/wp-json\/wp\/v2\/media?parent=242915"}],"wp:term":[{"taxonomy":"category","embeddable":true,"href":"https:\/\/radiostargjilan.com\/web\/wp-json\/wp\/v2\/categories?post=242915"},{"taxonomy":"post_tag","embeddable":true,"href":"https:\/\/radiostargjilan.com\/web\/wp-json\/wp\/v2\/tags?post=242915"},{"taxonomy":"tmauthors","embeddable":true,"href":"https:\/\/radiostargjilan.com\/web\/wp-json\/wp\/v2\/tmauthors?post=242915"}],"curies":[{"name":"wp","href":"https:\/\/api.w.org\/{rel}","templated":true}]}}