{"id":242919,"date":"2026-09-02T08:42:23","date_gmt":"2026-09-02T06:42:23","guid":{"rendered":"https:\/\/radiostargjilan.com\/web\/?p=242919"},"modified":"2026-09-02T08:42:23","modified_gmt":"2026-09-02T06:42:23","slug":"haxhiu-per-propozimet-qe-thaci-te-rikthehet-president-nuk-i-bejne-nder-vetem-dem","status":"publish","type":"post","link":"https:\/\/radiostargjilan.com\/web\/haxhiu-per-propozimet-qe-thaci-te-rikthehet-president-nuk-i-bejne-nder-vetem-dem\/","title":{"rendered":"Haxhiu p\u00ebr propozimet q\u00eb Tha\u00e7i t\u00eb rikthehet President: Nuk i b\u00ebjn\u00eb nder, vet\u00ebm d\u00ebm"},"content":{"rendered":"<p>U.D. presidentja Haxhiu ka reaguar ndaj propozimeve q\u00eb ish-presidenti Hashim Tha\u00e7i t\u00eb rikthehet n\u00eb k\u00ebt\u00eb pozit\u00eb.<\/p>\n<p>N\u00eb Kanal 10, Haxhiu tha se fokusi duhet t\u00eb jet\u00eb te vendimi i gjykat\u00ebs dhe jo te p\u00ebrdorimi i emrit t\u00eb Tha\u00e7it n\u00eb situat\u00ebn aktuale.<\/p>\n<p>\u201cAs vet\u00eb z. Tha\u00e7i s\u2019ka nevoj\u00eb p\u00ebr nj\u00eb qasje t\u00eb till\u00eb. Ajo \u00e7ka do duhej t\u00eb ishte fokusi jon\u00eb \u00ebsht\u00eb q\u00eb vendimi i gjykat\u00ebs ta korrigjoj\u00eb k\u00ebrkes\u00ebn e padrejt\u00eb t\u00eb Prokuroris\u00eb Speciale dhe jo t\u00eb tentohet t\u00eb p\u00ebrdoret emri i Tha\u00e7it n\u00eb situat\u00ebn aktuale\u201d, deklaroi Haxhiu.<br \/>\nAjo tha se propozimet e tilla, sipas saj, nuk i sh\u00ebrbejn\u00eb Tha\u00e7it.<br \/>\n\u201cNuk i b\u00ebjn\u00eb nder, vet\u00ebm d\u00ebm\u201d, u shpreh Haxhiu.<\/p>\n","protected":false},"excerpt":{"rendered":"<p>U.D. presidentja Haxhiu ka reaguar ndaj propozimeve q\u00eb ish-presidenti Hashim Tha\u00e7i t\u00eb rikthehet n\u00eb k\u00ebt\u00eb pozit\u00eb. N\u00eb Kanal 10, Haxhiu tha se fokusi duhet t\u00eb jet\u00eb te vendimi i gjykat\u00ebs dhe jo te p\u00ebrdorimi i emrit t\u00eb Tha\u00e7it n\u00eb situat\u00ebn aktuale. \u201cAs vet\u00eb z. Tha\u00e7i s\u2019ka nevoj\u00eb p\u00ebr nj\u00eb qasje t\u00eb till\u00eb. Ajo \u00e7ka do [&hellip;]<\/p>\n","protected":false},"author":1,"featured_media":241648,"comment_status":"closed","ping_status":"closed","sticky":false,"template":"","format":"standard","meta":{"footnotes":""},"categories":[5],"tags":[],"tmauthors":[136],"class_list":["post-242919","post","type-post","status-publish","format-standard","has-post-thumbnail","category-lajme"],"_links":{"self":[{"href":"https:\/\/radiostargjilan.com\/web\/wp-json\/wp\/v2\/posts\/242919","targetHints":{"allow":["GET"]}}],"collection":[{"href":"https:\/\/radiostargjilan.com\/web\/wp-json\/wp\/v2\/posts"}],"about":[{"href":"https:\/\/radiostargjilan.com\/web\/wp-json\/wp\/v2\/types\/post"}],"author":[{"embeddable":true,"href":"https:\/\/radiostargjilan.com\/web\/wp-json\/wp\/v2\/users\/1"}],"replies":[{"embeddable":true,"href":"https:\/\/radiostargjilan.com\/web\/wp-json\/wp\/v2\/comments?post=242919"}],"version-history":[{"count":1,"href":"https:\/\/radiostargjilan.com\/web\/wp-json\/wp\/v2\/posts\/242919\/revisions"}],"predecessor-version":[{"id":242920,"href":"https:\/\/radiostargjilan.com\/web\/wp-json\/wp\/v2\/posts\/242919\/revisions\/242920"}],"wp:featuredmedia":[{"embeddable":true,"href":"https:\/\/radiostargjilan.com\/web\/wp-json\/wp\/v2\/media\/241648"}],"wp:attachment":[{"href":"https:\/\/radiostargjilan.com\/web\/wp-json\/wp\/v2\/media?parent=242919"}],"wp:term":[{"taxonomy":"category","embeddable":true,"href":"https:\/\/radiostargjilan.com\/web\/wp-json\/wp\/v2\/categories?post=242919"},{"taxonomy":"post_tag","embeddable":true,"href":"https:\/\/radiostargjilan.com\/web\/wp-json\/wp\/v2\/tags?post=242919"},{"taxonomy":"tmauthors","embeddable":true,"href":"https:\/\/radiostargjilan.com\/web\/wp-json\/wp\/v2\/tmauthors?post=242919"}],"curies":[{"name":"wp","href":"https:\/\/api.w.org\/{rel}","templated":true}]}}