{"id":242936,"date":"2026-09-02T11:40:16","date_gmt":"2026-09-02T09:40:16","guid":{"rendered":"https:\/\/radiostargjilan.com\/web\/?p=242936"},"modified":"2026-09-02T11:40:16","modified_gmt":"2026-09-02T09:40:16","slug":"ade-oguns-transferohet-te-gjilani-pritet-edhe-nje-mbrojtes-qendror","status":"publish","type":"post","link":"https:\/\/radiostargjilan.com\/web\/ade-oguns-transferohet-te-gjilani-pritet-edhe-nje-mbrojtes-qendror\/","title":{"rendered":"Ade Oguns transferohet te Gjilani, pritet edhe nj\u00eb mbrojt\u00ebs qendror"},"content":{"rendered":"<p>Ade Oguns \u00ebsht\u00eb p\u00ebrforcimi m\u00eb i ri i SC Gjilanit. Futbollisti, i cili sezonin e kaluar ishte pjes\u00eb e Ferizajt dhe la p\u00ebrshtypje me paraqitjet e tij, pritet t\u2019i bashkohet skuadr\u00ebs gjilanase p\u00ebr edicionin e ri.<\/p>\n<p>Transferimi i Oguns vjen n\u00eb kuad\u00ebr t\u00eb p\u00ebrforcimit t\u00eb ekipit dhe synimit p\u00ebr t\u00eb qen\u00eb konkurrues n\u00eb garat e sezonit t\u00eb ri.<\/p>\n<p>Sipas raportimit t\u00eb Gazeta Blic, merkatoja e Gjilanit ende nuk ka p\u00ebrfunduar. N\u00eb dit\u00ebt n\u00eb vijim pritet q\u00eb klubi t\u00eb prezantoj\u00eb edhe nj\u00eb mbrojt\u00ebs qendror.<\/p>\n<p>Klubi pritet t\u00eb zyrtarizoj\u00eb s\u00eb shpejti detajet e transferimeve t\u00eb reja.<\/p>\n","protected":false},"excerpt":{"rendered":"<p>Ade Oguns \u00ebsht\u00eb p\u00ebrforcimi m\u00eb i ri i SC Gjilanit. Futbollisti, i cili sezonin e kaluar ishte pjes\u00eb e Ferizajt dhe la p\u00ebrshtypje me paraqitjet e tij, pritet t\u2019i bashkohet skuadr\u00ebs gjilanase p\u00ebr edicionin e ri. Transferimi i Oguns vjen n\u00eb kuad\u00ebr t\u00eb p\u00ebrforcimit t\u00eb ekipit dhe synimit p\u00ebr t\u00eb qen\u00eb konkurrues n\u00eb garat e [&hellip;]<\/p>\n","protected":false},"author":1,"featured_media":242937,"comment_status":"closed","ping_status":"closed","sticky":false,"template":"","format":"standard","meta":{"footnotes":""},"categories":[7],"tags":[],"tmauthors":[136],"class_list":["post-242936","post","type-post","status-publish","format-standard","has-post-thumbnail","category-sports"],"_links":{"self":[{"href":"https:\/\/radiostargjilan.com\/web\/wp-json\/wp\/v2\/posts\/242936","targetHints":{"allow":["GET"]}}],"collection":[{"href":"https:\/\/radiostargjilan.com\/web\/wp-json\/wp\/v2\/posts"}],"about":[{"href":"https:\/\/radiostargjilan.com\/web\/wp-json\/wp\/v2\/types\/post"}],"author":[{"embeddable":true,"href":"https:\/\/radiostargjilan.com\/web\/wp-json\/wp\/v2\/users\/1"}],"replies":[{"embeddable":true,"href":"https:\/\/radiostargjilan.com\/web\/wp-json\/wp\/v2\/comments?post=242936"}],"version-history":[{"count":1,"href":"https:\/\/radiostargjilan.com\/web\/wp-json\/wp\/v2\/posts\/242936\/revisions"}],"predecessor-version":[{"id":242938,"href":"https:\/\/radiostargjilan.com\/web\/wp-json\/wp\/v2\/posts\/242936\/revisions\/242938"}],"wp:featuredmedia":[{"embeddable":true,"href":"https:\/\/radiostargjilan.com\/web\/wp-json\/wp\/v2\/media\/242937"}],"wp:attachment":[{"href":"https:\/\/radiostargjilan.com\/web\/wp-json\/wp\/v2\/media?parent=242936"}],"wp:term":[{"taxonomy":"category","embeddable":true,"href":"https:\/\/radiostargjilan.com\/web\/wp-json\/wp\/v2\/categories?post=242936"},{"taxonomy":"post_tag","embeddable":true,"href":"https:\/\/radiostargjilan.com\/web\/wp-json\/wp\/v2\/tags?post=242936"},{"taxonomy":"tmauthors","embeddable":true,"href":"https:\/\/radiostargjilan.com\/web\/wp-json\/wp\/v2\/tmauthors?post=242936"}],"curies":[{"name":"wp","href":"https:\/\/api.w.org\/{rel}","templated":true}]}}