{"id":242943,"date":"2026-09-02T13:54:26","date_gmt":"2026-09-02T11:54:26","guid":{"rendered":"https:\/\/radiostargjilan.com\/web\/?p=242943"},"modified":"2026-09-02T13:54:26","modified_gmt":"2026-09-02T11:54:26","slug":"sot-ska-kufizim-per-kamionet-mbi-20-tone-ne-autoudhe","status":"publish","type":"post","link":"https:\/\/radiostargjilan.com\/web\/sot-ska-kufizim-per-kamionet-mbi-20-tone-ne-autoudhe\/","title":{"rendered":"Sot s\u2019ka kufizim p\u00ebr kamion\u00ebt mbi 20 ton\u00eb n\u00eb autoudh\u00eb"},"content":{"rendered":"<p>Automjetet e transportit t\u00eb mallrave me mas\u00eb totale mbi 20 ton\u00eb do t\u00eb mund t\u00eb qarkullojn\u00eb pa kufizime gjat\u00eb dit\u00ebs s\u00eb sotme.<\/p>\n<p>Vendimi \u00ebsht\u00eb marr\u00eb bazuar n\u00eb parashikimin zyrtar t\u00eb temperaturave, sipas t\u00eb cilit nuk pritet t\u00eb plot\u00ebsohen kushtet p\u00ebr aktivizimin e kufizimeve t\u00eb p\u00ebrkohshme t\u00eb qarkullimit.<\/p>\n<p>Ministria e Infrastruktur\u00ebs dhe Transportit ka b\u00ebr\u00eb t\u00eb ditur se do t\u00eb vazhdoj\u00eb monitorimin e parashikimeve meteorologjike dhe, n\u00eb rast se kushtet ndryshojn\u00eb, qytetar\u00ebt dhe operator\u00ebt ekonomik\u00eb do t\u00eb njoftohen me koh\u00eb.<\/p>\n","protected":false},"excerpt":{"rendered":"<p>Automjetet e transportit t\u00eb mallrave me mas\u00eb totale mbi 20 ton\u00eb do t\u00eb mund t\u00eb qarkullojn\u00eb pa kufizime gjat\u00eb dit\u00ebs s\u00eb sotme. Vendimi \u00ebsht\u00eb marr\u00eb bazuar n\u00eb parashikimin zyrtar t\u00eb temperaturave, sipas t\u00eb cilit nuk pritet t\u00eb plot\u00ebsohen kushtet p\u00ebr aktivizimin e kufizimeve t\u00eb p\u00ebrkohshme t\u00eb qarkullimit. Ministria e Infrastruktur\u00ebs dhe Transportit ka b\u00ebr\u00eb t\u00eb [&hellip;]<\/p>\n","protected":false},"author":1,"featured_media":242558,"comment_status":"closed","ping_status":"closed","sticky":false,"template":"","format":"standard","meta":{"footnotes":""},"categories":[5],"tags":[],"tmauthors":[136],"class_list":["post-242943","post","type-post","status-publish","format-standard","has-post-thumbnail","category-lajme"],"_links":{"self":[{"href":"https:\/\/radiostargjilan.com\/web\/wp-json\/wp\/v2\/posts\/242943","targetHints":{"allow":["GET"]}}],"collection":[{"href":"https:\/\/radiostargjilan.com\/web\/wp-json\/wp\/v2\/posts"}],"about":[{"href":"https:\/\/radiostargjilan.com\/web\/wp-json\/wp\/v2\/types\/post"}],"author":[{"embeddable":true,"href":"https:\/\/radiostargjilan.com\/web\/wp-json\/wp\/v2\/users\/1"}],"replies":[{"embeddable":true,"href":"https:\/\/radiostargjilan.com\/web\/wp-json\/wp\/v2\/comments?post=242943"}],"version-history":[{"count":1,"href":"https:\/\/radiostargjilan.com\/web\/wp-json\/wp\/v2\/posts\/242943\/revisions"}],"predecessor-version":[{"id":242944,"href":"https:\/\/radiostargjilan.com\/web\/wp-json\/wp\/v2\/posts\/242943\/revisions\/242944"}],"wp:featuredmedia":[{"embeddable":true,"href":"https:\/\/radiostargjilan.com\/web\/wp-json\/wp\/v2\/media\/242558"}],"wp:attachment":[{"href":"https:\/\/radiostargjilan.com\/web\/wp-json\/wp\/v2\/media?parent=242943"}],"wp:term":[{"taxonomy":"category","embeddable":true,"href":"https:\/\/radiostargjilan.com\/web\/wp-json\/wp\/v2\/categories?post=242943"},{"taxonomy":"post_tag","embeddable":true,"href":"https:\/\/radiostargjilan.com\/web\/wp-json\/wp\/v2\/tags?post=242943"},{"taxonomy":"tmauthors","embeddable":true,"href":"https:\/\/radiostargjilan.com\/web\/wp-json\/wp\/v2\/tmauthors?post=242943"}],"curies":[{"name":"wp","href":"https:\/\/api.w.org\/{rel}","templated":true}]}}