{"id":242945,"date":"2026-09-02T14:12:28","date_gmt":"2026-09-02T12:12:28","guid":{"rendered":"https:\/\/radiostargjilan.com\/web\/?p=242945"},"modified":"2026-09-02T14:12:28","modified_gmt":"2026-09-02T12:12:28","slug":"gati-jam-nese-republika-me-therret-bislimi-nese-elitat-politike-nuk-me-konsiderojne-fjalen-do-ta-kete-populli","status":"publish","type":"post","link":"https:\/\/radiostargjilan.com\/web\/gati-jam-nese-republika-me-therret-bislimi-nese-elitat-politike-nuk-me-konsiderojne-fjalen-do-ta-kete-populli\/","title":{"rendered":"\u201cGati jam n\u00ebse Republika m\u00eb th\u00ebrret\u201d \u2013 Bislimi: N\u00ebse elitat politike nuk m\u00eb konsiderojn\u00eb, fjal\u00ebn do ta ket\u00eb populli"},"content":{"rendered":"<p><strong>Faton Bislimi, kandidat i propozuar p\u00ebr president nga ish-ambasadori William Walker dhe ish-kongresisti Joe DioGuardi ka reaguar pas zhvillimeve t\u00eb fundit rreth propozimit q\u00eb emri i tij t\u00eb konsiderohet p\u00ebr president t\u00eb Republik\u00ebs s\u00eb Kosov\u00ebs.<\/strong><\/p>\n<p>N\u00eb nj\u00eb deklarat\u00eb publike, Bislimi ka fal\u00ebnderuar t\u00eb gjith\u00eb ata q\u00eb, sipas tij, e kan\u00eb p\u00ebrkrahur kandidatur\u00ebn e tij, p\u00ebrfshir\u00eb figura t\u00eb njohura amerikane dhe familjet e heronjve t\u00eb Kosov\u00ebs.<\/p>\n<div class=\"EbmOYfAt\"><ins id=\"revive-0-1\" data-revive-zoneid=\"40\" data-revive-id=\"8ef7f8ba6db9b49c22b7894e66d04a04\" data-revive-seq=\"1\" data-revive-loaded=\"1\"><\/p>\n<div id=\"beacon_2515d73d17\"><img loading=\"lazy\" loading=\"lazy\" decoding=\"async\" src=\"https:\/\/ads.gazeta10.com\/www\/delivery\/lg.php?bannerid=0&amp;campaignid=0&amp;zoneid=40&amp;loc=https%3A%2F%2Fgazeta10.com%2Fgati-jam-nese-republika-me-therret-bislimi-nese-elitat-politike-nuk-me-konsiderojne-fjalen-do-ta-kete-populli%2F&amp;referer=https%3A%2F%2Fgazeta10.com%2Frubrika%2Flajme%2F&amp;cb=2515d73d17\" alt=\"\" width=\"0\" height=\"0\" \/><\/div>\n<p><\/ins><\/div>\n<p>Bislimi ka theksuar se kandidatura e tij \u00ebsht\u00eb nj\u00eb ofert\u00eb p\u00ebr t\u2019i sh\u00ebrbyer Kosov\u00ebs n\u00eb nj\u00eb moment kur vendit, sipas tij, i nevojiten unitet, seriozitet institucional dhe besim n\u00eb t\u00eb ardhmen.<\/p>\n<p>Duke folur p\u00ebr mund\u00ebsin\u00eb q\u00eb elitat politike t\u00eb mos e marrin n\u00eb konsiderat\u00eb kandidatur\u00ebn e tij, Bislimi ka l\u00ebn\u00eb t\u00eb hapur mund\u00ebsin\u00eb q\u00eb \u00e7\u00ebshtja t\u00eb marr\u00eb nj\u00eb rrjedh\u00eb tjet\u00ebr.<\/p>\n<div class=\"wj3WN88A\"><ins id=\"revive-0-2\" data-revive-zoneid=\"19\" data-revive-id=\"8ef7f8ba6db9b49c22b7894e66d04a04\" data-revive-seq=\"2\" data-revive-loaded=\"1\"><\/p>\n<div id=\"beacon_6c0b519b0c\"><img loading=\"lazy\" loading=\"lazy\" decoding=\"async\" src=\"https:\/\/ads.gazeta10.com\/www\/delivery\/lg.php?bannerid=0&amp;campaignid=0&amp;zoneid=19&amp;loc=https%3A%2F%2Fgazeta10.com%2Fgati-jam-nese-republika-me-therret-bislimi-nese-elitat-politike-nuk-me-konsiderojne-fjalen-do-ta-kete-populli%2F&amp;referer=https%3A%2F%2Fgazeta10.com%2Frubrika%2Flajme%2F&amp;cb=6c0b519b0c\" alt=\"\" width=\"0\" height=\"0\" \/><\/div>\n<p><\/ins><\/div>\n<p>\u201cN\u00ebse elitat politike nuk e konsiderojn\u00eb at\u00eb, at\u00ebher\u00eb fjal\u00ebn do ta ket\u00eb populli\u201d, ka deklaruar ai, duke shtuar se \u00ebsht\u00eb i gatsh\u00ebm t\u00eb vazhdoj\u00eb angazhimin publik dhe t\u2019i sh\u00ebrbej\u00eb Republik\u00ebs s\u00eb Kosov\u00ebs.<\/p>\n<p><strong>Lexoni t\u00eb plot\u00eb, pa nd\u00ebrhyrje shkrimin e Bislimit:<\/strong><\/p>\n<p><em>T\u00eb dashur qytetar\u00eb t\u00eb Republik\u00ebs s\u00eb Kosov\u00ebs,<\/em><\/p>\n<p><em>Miq, dashamir\u00eb e p\u00ebrkrah\u00ebs anek\u00ebnd bot\u00ebs shqiptare,<\/em><\/p>\n<p><em>Kam heshtur k\u00ebto dit\u00eb, sepse n\u00eb momente t\u00eb r\u00ebnd\u00ebsishme p\u00ebr vendin tim kam besuar gjithmon\u00eb se para se t\u00eb flas\u00ebsh, duhet s\u00eb pari t\u00eb d\u00ebgjosh.<\/em><\/p>\n<p><em>Dhe k\u00ebto dit\u00eb kam d\u00ebgjuar shum\u00eb.<\/em><\/p>\n<p><em>Kam marr\u00eb mb\u00ebshtetje t\u00eb jasht\u00ebzakonshme nga njer\u00ebz q\u00eb dashurin\u00eb p\u00ebr Kosov\u00ebn e kan\u00eb d\u00ebshmuar me jet\u00eb e me vepra; nga miq t\u00eb d\u00ebshmuar t\u00eb Kosov\u00ebs n\u00eb Shtetet e Bashkuara t\u00eb Amerik\u00ebs, p\u00ebrfshir\u00eb ambasadorin William Walker dhe ish-kongresmenin Joe DioGuardi; nga familjet e heronjve Sali \u00c7ekaj dhe Agim Ramadani; nga shqiptar\u00ebt e Lugin\u00ebs s\u00eb Preshev\u00ebs; nga miq e koleg\u00eb t\u00eb mi nga Harvard Kennedy School; dhe, mbi t\u00eb gjitha, nga qytetar\u00eb e atdhedash\u00ebs t\u00eb shumt\u00eb t\u00eb Kosov\u00ebs, nga \u00e7do k\u00ebnd i vendit dhe nga diaspora jon\u00eb.<\/em><\/p>\n<p><em>I jam nga zemra mir\u00ebnjoh\u00ebs \u00e7do vatre shqiptare, p\u00ebr \u00e7do p\u00ebrkrahje, p\u00ebr \u00e7do fjal\u00eb t\u00eb mir\u00eb dhe p\u00ebr \u00e7do shtr\u00ebngim dore q\u00eb kam marr\u00eb k\u00ebto dit\u00eb n\u00eb mb\u00ebshtetje t\u00eb propozimit q\u00eb emri im t\u00eb konsiderohet p\u00ebr President t\u00eb Republik\u00ebs s\u00eb Kosov\u00ebs.<\/em><\/p>\n<p><em>P\u00ebr secilin prej jush, faleminderit nga zemra!<\/em><\/p>\n<p><em>Nj\u00eb besim i till\u00eb nuk \u00ebsht\u00eb dekorat\u00eb. \u00cbsht\u00eb p\u00ebrgjegj\u00ebsi. E kam marr\u00eb si nder, por mbi t\u00eb gjitha si amanet p\u00ebr t\u00eb vazhduar t\u2019i sh\u00ebrbej vendit tim me t\u00eb nj\u00ebjt\u00ebn p\u00ebrkushtim me t\u00eb cilin kam punuar gjat\u00eb gjith\u00eb jet\u00ebs sime publike. Ky amanet nuk do t\u00eb humbet asnj\u00ebher\u00eb!<\/em><\/p>\n<p><em>Un\u00eb nuk e kam par\u00eb asnj\u00ebher\u00eb sh\u00ebrbimin ndaj Kosov\u00ebs si \u00e7\u00ebshtje t\u00eb nj\u00eb pozite. P\u00ebr mua ai ka qen\u00eb dhe mbetet mision. Pozitat jan\u00eb t\u00eb p\u00ebrkohshme. P\u00ebrgjegj\u00ebsia ndaj vendit \u00ebsht\u00eb shum\u00eb m\u00eb e madhe se \u00e7do pozit\u00eb dhe shum\u00eb m\u00eb jet\u00ebgjat\u00eb se \u00e7do moment politik.<\/em><\/p>\n<p><em>Propozimi q\u00eb m\u2019u b\u00eb k\u00ebto dit\u00eb ishte nj\u00eb nga nderimet m\u00eb t\u00eb m\u00ebdha t\u00eb jet\u00ebs sime publike. Fakti q\u00eb ai erdhi nga njer\u00ebz q\u00eb kan\u00eb dh\u00ebn\u00eb kontribut t\u00eb jasht\u00ebzakonsh\u00ebm p\u00ebr lirin\u00eb, shtet\u00ebsin\u00eb dhe afirmimin nd\u00ebrkomb\u00ebtar t\u00eb Kosov\u00ebs e b\u00ebn at\u00eb edhe m\u00eb dometh\u00ebn\u00ebs p\u00ebr mua. Ku ka nder m\u00eb t\u00eb madh n\u00eb politik\u00eb se sa kur nj\u00eb mik i Kosov\u00ebs si ambasadori Walker dhe nj\u00eb mbrojt\u00ebs i saj historik n\u00eb SHBA si Joe DioGuardi t\u00eb japin besimin; kur familjet e heronjve Sali \u00c7ekaj e Agim Ramadani ta japin bekimin; kur koleg\u00ebt e Harvardit dhe shqiptar\u00ebt e Lugin\u00ebs bashk\u00eb me ata nga Kosova q\u00ebndrojn\u00eb pran\u00eb teje!<\/em><\/p>\n<p><em>Kandidatura ime nuk \u00ebsht\u00eb k\u00ebrkes\u00eb drejtuar nj\u00eb partie dhe nuk \u00ebsht\u00eb nd\u00ebrtuar kund\u00ebr asnj\u00eb partie apo individi. Ajo ka qen\u00eb nj\u00eb ofert\u00eb p\u00ebr t\u2019i sh\u00ebrbyer Republik\u00ebs s\u00eb Kosov\u00ebs n\u00eb nj\u00eb moment kur vendit i duhet unitet, seriozitet institucional dhe besim n\u00eb t\u00eb ardhmen.<\/em><\/p>\n<p><em>Dhe ajo ofert\u00eb q\u00ebndron! Nuk t\u00ebrhiqem nga asnj\u00eb p\u00ebrgjegj\u00ebsi q\u00eb e kam marr\u00eb si amanet t\u00eb brezave e si mision p\u00ebr t\u00eb ardhmen e shtetit!<\/em><\/p>\n<p><em>N\u00ebse elitat politike nuk e konsiderojn\u00eb at\u00eb, at\u00ebher\u00eb fjal\u00ebn do ta ket\u00eb populli. Dhe kur t\u00eb vij\u00eb ajo dit\u00eb, n\u00eb cil\u00ebndo fush\u00ebbetej\u00eb demokratike, un\u00eb do t\u00eb jem aty. I qet\u00eb. I p\u00ebrgatitur. Pa borxhe ndaj askujt, p\u00ebrve\u00e7 Kosov\u00ebs.<\/em><\/p>\n<p><em>N\u00ebse Republika m\u00eb th\u00ebrret p\u00ebr sh\u00ebrbim, jam gati.<\/em><\/p>\n<p><em>Kjo p\u00ebrgjigje nuk ka ndryshuar.<\/em><\/p>\n<p><em>Jam rritur n\u00eb nj\u00eb familje t\u00eb edukuar me frym\u00ebn dhe amanetin e Bes\u00eblidhjes s\u00eb Madhe, me bindjen se sfidat na forcojn\u00eb dhe se dashuria p\u00ebr vendin dhe p\u00ebr nj\u00ebri-tjetrin \u00ebsht\u00eb nd\u00ebr forcat m\u00eb t\u00eb m\u00ebdha q\u00eb kemi.<\/em><\/p>\n<p><em>Jam arsimuar n\u00eb Shtetet e Bashkuara t\u00eb Amerik\u00ebs, n\u00eb vendin q\u00eb q\u00ebndroi pran\u00eb Kosov\u00ebs n\u00eb momentet m\u00eb t\u00eb v\u00ebshtira t\u00eb historis\u00eb son\u00eb moderne. Atje kam njohur nga af\u00ebr institucionet dhe tradit\u00ebn e nj\u00eb demokracie q\u00eb beson se shteti \u00ebsht\u00eb m\u00eb i fort\u00eb at\u00ebher\u00eb kur parimet jan\u00eb mbi individ\u00ebt dhe kur interesi i vendit q\u00ebndron mbi interesin e momentit.<\/em><\/p>\n<p><em>P\u00ebr nj\u00ebzet e pes\u00eb vjet kam trokitur n\u00eb dyert e institucioneve, universiteteve, kancelarive dhe diplomacis\u00eb nd\u00ebrkomb\u00ebtare, shpesh pa poste dhe pa tituj, me nj\u00eb q\u00ebllim t\u00eb vet\u00ebm: t\u00eb jap kontributin tim q\u00eb Kosova t\u00eb jet\u00eb m\u00eb e fort\u00eb, m\u00eb e sigurt dhe m\u00eb e respektuar n\u00eb bot\u00eb.<\/em><\/p>\n<p><em>K\u00ebt\u00eb do t\u00eb vazhdoj ta b\u00ebj.<\/em><\/p>\n<p><em>Detyra ime ndaj Kosov\u00ebs vazhdon. Besimi im n\u00eb at\u00eb q\u00eb mund t\u00eb b\u00ebhet Kosova vazhdon. Dhe gatishm\u00ebria ime p\u00ebr t\u2019i sh\u00ebrbyer Republik\u00ebs me t\u00ebr\u00eb dijen, p\u00ebrvoj\u00ebn dhe forc\u00ebn time mbetet e plot\u00eb dhe e pal\u00ebkundur.<\/em><\/p>\n<p><em>Sepse n\u00eb fund t\u00eb fundit, pyetja nuk \u00ebsht\u00eb dhe nuk duhet t\u00eb jet\u00eb vet\u00ebm se kush e merr nj\u00eb pozit\u00eb. Pyetja m\u00eb e r\u00ebnd\u00ebsishme \u00ebsht\u00eb: \u00c7far\u00eb \u00ebsht\u00eb m\u00eb e mira p\u00ebr Kosov\u00ebn?<\/em><\/p>\n<p><em>P\u00ebrgjigjja ime ka qen\u00eb e nj\u00ebjt\u00eb p\u00ebr m\u00eb shum\u00eb se dy dekada:<\/em><\/p>\n<p><em>Kosova e Para!<\/em><\/p>\n<p><em>Zoti e bekoft\u00eb Republik\u00ebn e Kosov\u00ebs, popullin ton\u00eb dhe miqt\u00eb tan\u00eb nd\u00ebrkomb\u00ebtar\u00eb, ve\u00e7an\u00ebrisht Shtetet e Bashkuara t\u00eb Amerik\u00ebs.\u00a0<\/em><\/p>\n<div class=\"rm-embed embed-media\"><iframe loading=\"lazy\" src=\"https:\/\/www.facebook.com\/plugins\/post.php?href=https%3A%2F%2Fwww.facebook.com%2Ffaton.bislimi.7%2Fposts%2Fpfbid02PX7DnTat92LvwJjLcHrL6xS9X9PcN9we4jUHphTL7ZwUcFrCwtqsNbG71KMKJoiql&amp;show_text=true&amp;width=500\" width=\"500\" height=\"672\" frameborder=\"0\" scrolling=\"no\" allowfullscreen=\"allowfullscreen\" data-mce-fragment=\"1\"><\/iframe><\/div>\n<p>&nbsp;<\/p>\n","protected":false},"excerpt":{"rendered":"<p>Faton Bislimi, kandidat i propozuar p\u00ebr president nga ish-ambasadori William Walker dhe ish-kongresisti Joe DioGuardi ka reaguar pas zhvillimeve t\u00eb fundit rreth propozimit q\u00eb emri i tij t\u00eb konsiderohet p\u00ebr president t\u00eb Republik\u00ebs s\u00eb Kosov\u00ebs. N\u00eb nj\u00eb deklarat\u00eb publike, Bislimi ka fal\u00ebnderuar t\u00eb gjith\u00eb ata q\u00eb, sipas tij, e kan\u00eb p\u00ebrkrahur kandidatur\u00ebn e tij, p\u00ebrfshir\u00eb [&hellip;]<\/p>\n","protected":false},"author":1,"featured_media":242946,"comment_status":"closed","ping_status":"closed","sticky":false,"template":"","format":"standard","meta":{"footnotes":""},"categories":[5],"tags":[],"tmauthors":[136],"class_list":["post-242945","post","type-post","status-publish","format-standard","has-post-thumbnail","category-lajme"],"_links":{"self":[{"href":"https:\/\/radiostargjilan.com\/web\/wp-json\/wp\/v2\/posts\/242945","targetHints":{"allow":["GET"]}}],"collection":[{"href":"https:\/\/radiostargjilan.com\/web\/wp-json\/wp\/v2\/posts"}],"about":[{"href":"https:\/\/radiostargjilan.com\/web\/wp-json\/wp\/v2\/types\/post"}],"author":[{"embeddable":true,"href":"https:\/\/radiostargjilan.com\/web\/wp-json\/wp\/v2\/users\/1"}],"replies":[{"embeddable":true,"href":"https:\/\/radiostargjilan.com\/web\/wp-json\/wp\/v2\/comments?post=242945"}],"version-history":[{"count":1,"href":"https:\/\/radiostargjilan.com\/web\/wp-json\/wp\/v2\/posts\/242945\/revisions"}],"predecessor-version":[{"id":242947,"href":"https:\/\/radiostargjilan.com\/web\/wp-json\/wp\/v2\/posts\/242945\/revisions\/242947"}],"wp:featuredmedia":[{"embeddable":true,"href":"https:\/\/radiostargjilan.com\/web\/wp-json\/wp\/v2\/media\/242946"}],"wp:attachment":[{"href":"https:\/\/radiostargjilan.com\/web\/wp-json\/wp\/v2\/media?parent=242945"}],"wp:term":[{"taxonomy":"category","embeddable":true,"href":"https:\/\/radiostargjilan.com\/web\/wp-json\/wp\/v2\/categories?post=242945"},{"taxonomy":"post_tag","embeddable":true,"href":"https:\/\/radiostargjilan.com\/web\/wp-json\/wp\/v2\/tags?post=242945"},{"taxonomy":"tmauthors","embeddable":true,"href":"https:\/\/radiostargjilan.com\/web\/wp-json\/wp\/v2\/tmauthors?post=242945"}],"curies":[{"name":"wp","href":"https:\/\/api.w.org\/{rel}","templated":true}]}}