{"id":242954,"date":"2026-09-02T15:48:50","date_gmt":"2026-09-02T13:48:50","guid":{"rendered":"https:\/\/radiostargjilan.com\/web\/?p=242954"},"modified":"2026-09-02T15:48:50","modified_gmt":"2026-09-02T13:48:50","slug":"merr-vendimin-haxhiu-liron-nga-detyra-18-gjyqtaret-serbe-te-dorehequr-me-2022","status":"publish","type":"post","link":"https:\/\/radiostargjilan.com\/web\/merr-vendimin-haxhiu-liron-nga-detyra-18-gjyqtaret-serbe-te-dorehequr-me-2022\/","title":{"rendered":"Merr vendimin Haxhiu: Liron nga detyra 18 gjyqtar\u00ebt serb\u00eb t\u00eb dor\u00ebhequr m\u00eb 2022"},"content":{"rendered":"<p><strong>Ushtruesja e detyr\u00ebs s\u00eb presidentes, Albulena Haxhiu, ka njoftuar se i ka liruar nga puna 18 gjyqtar\u00ebt serb\u00eb q\u00eb pat\u00ebn dh\u00ebn\u00eb dor\u00ebheqje m\u00eb 2022.<\/strong><\/p>\n<p>P\u00ebrmes nj\u00eb njoftimi n\u00eb Facebook, Haxhiu tha se vendimi erdhi pas propozimit t\u00eb K\u00ebshillit Gjyq\u00ebsor t\u00eb Kosov\u00ebs, dhe n\u00eb p\u00ebrputhje me p\u00ebrgjegj\u00ebsit\u00eb kushtetuese dhe ligjore.<\/p>\n<div class=\"WEj8x7Sx\"><ins id=\"revive-0-1\" data-revive-zoneid=\"40\" data-revive-id=\"8ef7f8ba6db9b49c22b7894e66d04a04\" data-revive-seq=\"1\" data-revive-loaded=\"1\"><\/p>\n<div id=\"beacon_fff0cd9e21\"><img loading=\"lazy\" loading=\"lazy\" decoding=\"async\" src=\"https:\/\/ads.gazeta10.com\/www\/delivery\/lg.php?bannerid=0&amp;campaignid=0&amp;zoneid=40&amp;loc=https%3A%2F%2Fgazeta10.com%2Fhaxhiu-liron-nga-detyra-18-gjyqtaret-serbe-te-dorehequr-me-2022%2F&amp;referer=https%3A%2F%2Fgazeta10.com%2F&amp;cb=fff0cd9e21\" alt=\"\" width=\"0\" height=\"0\" \/><\/div>\n<p><\/ins><\/div>\n<p>Kujtojm\u00eb se 18 gjyqtar\u00ebt serb\u00eb kishin dh\u00ebn\u00eb dor\u00ebheqje n\u00eb vitin 2022. <strong>\/GAZETA10<\/strong><\/p>\n<p><strong>Postimi i plot\u00eb:<\/strong><\/p>\n<div class=\"61kGFUJ7\"><ins id=\"revive-0-2\" data-revive-zoneid=\"19\" data-revive-id=\"8ef7f8ba6db9b49c22b7894e66d04a04\" data-revive-seq=\"2\" data-revive-loaded=\"1\"><\/p>\n<div id=\"beacon_2c3b357194\"><img loading=\"lazy\" loading=\"lazy\" decoding=\"async\" src=\"https:\/\/ads.gazeta10.com\/www\/delivery\/lg.php?bannerid=0&amp;campaignid=0&amp;zoneid=19&amp;loc=https%3A%2F%2Fgazeta10.com%2Fhaxhiu-liron-nga-detyra-18-gjyqtaret-serbe-te-dorehequr-me-2022%2F&amp;referer=https%3A%2F%2Fgazeta10.com%2F&amp;cb=2c3b357194\" alt=\"\" width=\"0\" height=\"0\" \/><\/div>\n<p><\/ins><\/div>\n<p><iframe loading=\"lazy\" src=\"https:\/\/www.facebook.com\/plugins\/post.php?href=https%3A%2F%2Fwww.facebook.com%2Falbulenaa.haxhiuu%2Fposts%2Fpfbid0227iXSjWhN6P58St6XFdzcXT9mqcKZKJe5UMiFHSQrgeLFs6fkdbvqDXvzkZVxFUTl&amp;show_text=true&amp;width=500\" width=\"500\" height=\"463\" frameborder=\"0\" scrolling=\"no\" allowfullscreen=\"allowfullscreen\" data-mce-fragment=\"1\"><\/iframe><\/p>\n","protected":false},"excerpt":{"rendered":"<p>Ushtruesja e detyr\u00ebs s\u00eb presidentes, Albulena Haxhiu, ka njoftuar se i ka liruar nga puna 18 gjyqtar\u00ebt serb\u00eb q\u00eb pat\u00ebn dh\u00ebn\u00eb dor\u00ebheqje m\u00eb 2022. P\u00ebrmes nj\u00eb njoftimi n\u00eb Facebook, Haxhiu tha se vendimi erdhi pas propozimit t\u00eb K\u00ebshillit Gjyq\u00ebsor t\u00eb Kosov\u00ebs, dhe n\u00eb p\u00ebrputhje me p\u00ebrgjegj\u00ebsit\u00eb kushtetuese dhe ligjore. Kujtojm\u00eb se 18 gjyqtar\u00ebt serb\u00eb kishin [&hellip;]<\/p>\n","protected":false},"author":1,"featured_media":242955,"comment_status":"closed","ping_status":"closed","sticky":false,"template":"","format":"standard","meta":{"footnotes":""},"categories":[5],"tags":[],"tmauthors":[136],"class_list":["post-242954","post","type-post","status-publish","format-standard","has-post-thumbnail","category-lajme"],"_links":{"self":[{"href":"https:\/\/radiostargjilan.com\/web\/wp-json\/wp\/v2\/posts\/242954","targetHints":{"allow":["GET"]}}],"collection":[{"href":"https:\/\/radiostargjilan.com\/web\/wp-json\/wp\/v2\/posts"}],"about":[{"href":"https:\/\/radiostargjilan.com\/web\/wp-json\/wp\/v2\/types\/post"}],"author":[{"embeddable":true,"href":"https:\/\/radiostargjilan.com\/web\/wp-json\/wp\/v2\/users\/1"}],"replies":[{"embeddable":true,"href":"https:\/\/radiostargjilan.com\/web\/wp-json\/wp\/v2\/comments?post=242954"}],"version-history":[{"count":1,"href":"https:\/\/radiostargjilan.com\/web\/wp-json\/wp\/v2\/posts\/242954\/revisions"}],"predecessor-version":[{"id":242956,"href":"https:\/\/radiostargjilan.com\/web\/wp-json\/wp\/v2\/posts\/242954\/revisions\/242956"}],"wp:featuredmedia":[{"embeddable":true,"href":"https:\/\/radiostargjilan.com\/web\/wp-json\/wp\/v2\/media\/242955"}],"wp:attachment":[{"href":"https:\/\/radiostargjilan.com\/web\/wp-json\/wp\/v2\/media?parent=242954"}],"wp:term":[{"taxonomy":"category","embeddable":true,"href":"https:\/\/radiostargjilan.com\/web\/wp-json\/wp\/v2\/categories?post=242954"},{"taxonomy":"post_tag","embeddable":true,"href":"https:\/\/radiostargjilan.com\/web\/wp-json\/wp\/v2\/tags?post=242954"},{"taxonomy":"tmauthors","embeddable":true,"href":"https:\/\/radiostargjilan.com\/web\/wp-json\/wp\/v2\/tmauthors?post=242954"}],"curies":[{"name":"wp","href":"https:\/\/api.w.org\/{rel}","templated":true}]}}