{"id":242960,"date":"2026-09-02T18:29:25","date_gmt":"2026-09-02T16:29:25","guid":{"rendered":"https:\/\/radiostargjilan.com\/web\/?p=242960"},"modified":"2026-09-02T18:29:25","modified_gmt":"2026-09-02T16:29:25","slug":"ardita-ukshini-i-reagon-ashper-drejtorise-se-arsimit-ne-gjilan-prinderit-po-mbledhin-para-per-te-blere-perde-ne-shkolle","status":"publish","type":"post","link":"https:\/\/radiostargjilan.com\/web\/ardita-ukshini-i-reagon-ashper-drejtorise-se-arsimit-ne-gjilan-prinderit-po-mbledhin-para-per-te-blere-perde-ne-shkolle\/","title":{"rendered":"Ardita Ukshini i reagon ashp\u00ebr Drejtoris\u00eb s\u00eb Arsimit n\u00eb Gjilan: \u201cPrind\u00ebrit po mbledhin para p\u00ebr t\u00eb bler\u00eb perde n\u00eb shkoll\u00eb\u201d"},"content":{"rendered":"<p>Asambleistja e AAK-s\u00eb, Ardita Ukshini, ka reaguar ndaj Drejtoris\u00eb s\u00eb Arsimit n\u00eb Gjilan, duke kritikuar kushtet n\u00eb t\u00eb cilat po m\u00ebsojn\u00eb nx\u00ebn\u00ebsit. <\/p>\n<p>Ajo ka th\u00ebn\u00eb se n\u00eb disa raste prind\u00ebrit po detyrohen t\u00eb mbledhin para p\u00ebr t\u00eb siguruar edhe gj\u00ebra bazike, si perdet n\u00eb shkolla.<\/p>\n<p>Postimi i saj pa nd\u00ebrhyrje:<\/p>\n<p>Pamjet \u201cfaktike\u201d q\u00eb i paska publikuar Drejtoria e Arsimit jan\u00eb v\u00ebrtet p\u00ebr t\u00eb ardhur keq. Sepse ajo q\u00eb po shohim n\u00eb realitet \u00ebsht\u00eb krejt tjet\u00ebr.<br \/>\nQ\u00eb dje e sot, prind\u00ebr t\u00eb zhg\u00ebnjyer m\u00eb kan\u00eb shkruar dhe m\u00eb kan\u00eb d\u00ebrguar foto t\u00eb kushteve ku m\u00ebsojn\u00eb f\u00ebmij\u00ebt e tyre. Nuk po i publikoj p\u00ebr shkak t\u00eb privat\u00ebsis\u00eb.<\/p>\n<p>E tani, kulmi: prind\u00ebrit po mbledhin para p\u00ebr t\u00eb bler\u00eb perde n\u00eb shkoll\u00eb. P\u00ebrgjegj\u00ebsit\u00eb tuaja po i kryejn\u00eb prind\u00ebrit.<br \/>\nInstitucionet duhet t\u00eb sigurojn\u00eb kushtet, jo prind\u00ebrit t\u00eb mbulojn\u00eb d\u00ebshtimet e tyre.<\/p>\n<p>Mos u merrni me propagand\u00eb e arsyetime, por me pun\u00eb! P\u00ebr at\u00eb e keni marr\u00eb mandatin.<\/p>\n","protected":false},"excerpt":{"rendered":"<p>Asambleistja e AAK-s\u00eb, Ardita Ukshini, ka reaguar ndaj Drejtoris\u00eb s\u00eb Arsimit n\u00eb Gjilan, duke kritikuar kushtet n\u00eb t\u00eb cilat po m\u00ebsojn\u00eb nx\u00ebn\u00ebsit. Ajo ka th\u00ebn\u00eb se n\u00eb disa raste prind\u00ebrit po detyrohen t\u00eb mbledhin para p\u00ebr t\u00eb siguruar edhe gj\u00ebra bazike, si perdet n\u00eb shkolla. Postimi i saj pa nd\u00ebrhyrje: Pamjet \u201cfaktike\u201d q\u00eb i paska [&hellip;]<\/p>\n","protected":false},"author":1,"featured_media":242961,"comment_status":"closed","ping_status":"closed","sticky":false,"template":"","format":"standard","meta":{"footnotes":""},"categories":[5],"tags":[],"tmauthors":[136],"class_list":["post-242960","post","type-post","status-publish","format-standard","has-post-thumbnail","category-lajme"],"_links":{"self":[{"href":"https:\/\/radiostargjilan.com\/web\/wp-json\/wp\/v2\/posts\/242960","targetHints":{"allow":["GET"]}}],"collection":[{"href":"https:\/\/radiostargjilan.com\/web\/wp-json\/wp\/v2\/posts"}],"about":[{"href":"https:\/\/radiostargjilan.com\/web\/wp-json\/wp\/v2\/types\/post"}],"author":[{"embeddable":true,"href":"https:\/\/radiostargjilan.com\/web\/wp-json\/wp\/v2\/users\/1"}],"replies":[{"embeddable":true,"href":"https:\/\/radiostargjilan.com\/web\/wp-json\/wp\/v2\/comments?post=242960"}],"version-history":[{"count":1,"href":"https:\/\/radiostargjilan.com\/web\/wp-json\/wp\/v2\/posts\/242960\/revisions"}],"predecessor-version":[{"id":242962,"href":"https:\/\/radiostargjilan.com\/web\/wp-json\/wp\/v2\/posts\/242960\/revisions\/242962"}],"wp:featuredmedia":[{"embeddable":true,"href":"https:\/\/radiostargjilan.com\/web\/wp-json\/wp\/v2\/media\/242961"}],"wp:attachment":[{"href":"https:\/\/radiostargjilan.com\/web\/wp-json\/wp\/v2\/media?parent=242960"}],"wp:term":[{"taxonomy":"category","embeddable":true,"href":"https:\/\/radiostargjilan.com\/web\/wp-json\/wp\/v2\/categories?post=242960"},{"taxonomy":"post_tag","embeddable":true,"href":"https:\/\/radiostargjilan.com\/web\/wp-json\/wp\/v2\/tags?post=242960"},{"taxonomy":"tmauthors","embeddable":true,"href":"https:\/\/radiostargjilan.com\/web\/wp-json\/wp\/v2\/tmauthors?post=242960"}],"curies":[{"name":"wp","href":"https:\/\/api.w.org\/{rel}","templated":true}]}}