{"id":242967,"date":"2026-09-02T19:34:30","date_gmt":"2026-09-02T17:34:30","guid":{"rendered":"https:\/\/radiostargjilan.com\/web\/?p=242967"},"modified":"2026-09-02T19:34:30","modified_gmt":"2026-09-02T17:34:30","slug":"olt-haziri-i-bashkohet-sc-gjilanit-talenti-gjilanas-rikthehet-ne-qytet","status":"publish","type":"post","link":"https:\/\/radiostargjilan.com\/web\/olt-haziri-i-bashkohet-sc-gjilanit-talenti-gjilanas-rikthehet-ne-qytet\/","title":{"rendered":"Olt Haziri i bashkohet SC Gjilanit, talenti gjilanas rikthehet n\u00eb qytet"},"content":{"rendered":"<p>Talenti gjilanas, Olt Haziri, \u00ebsht\u00eb transferuar te SC Gjilani, duke iu bashkuar skuadr\u00ebs s\u00eb qytetit p\u00ebr sezonin e ri.<\/p>\n<p>Haziri, i cili n\u00eb t\u00eb kaluar\u00ebn ishte pjes\u00eb e Akademis\u00eb s\u00eb Drit\u00ebs, pas largimit nga klubi gjilanas ka luajtur n\u00eb disa skuadra, duke fituar p\u00ebrvoj\u00eb dhe vazhduar zhvillimin e tij si futbollist.<\/p>\n<p>Tash,  SC Gjilani ka vendosur ta afroj\u00eb n\u00eb radh\u00ebt e veta, duke i dh\u00ebn\u00eb mund\u00ebsin\u00eb talentit vendas q\u00eb t\u00eb vesh\u00eb fanell\u00ebn e klubit t\u00eb qytetit.<\/p>\n<p>Transferimi i Hazirit shihet edhe si nj\u00eb tjet\u00ebr hap i klubit p\u00ebr t\u00eb afruar futbollist\u00eb me potencial dhe lidhje me futbollin gjilanas.<\/p>\n","protected":false},"excerpt":{"rendered":"<p>Talenti gjilanas, Olt Haziri, \u00ebsht\u00eb transferuar te SC Gjilani, duke iu bashkuar skuadr\u00ebs s\u00eb qytetit p\u00ebr sezonin e ri. Haziri, i cili n\u00eb t\u00eb kaluar\u00ebn ishte pjes\u00eb e Akademis\u00eb s\u00eb Drit\u00ebs, pas largimit nga klubi gjilanas ka luajtur n\u00eb disa skuadra, duke fituar p\u00ebrvoj\u00eb dhe vazhduar zhvillimin e tij si futbollist. Tash, SC Gjilani ka [&hellip;]<\/p>\n","protected":false},"author":1,"featured_media":242968,"comment_status":"closed","ping_status":"closed","sticky":false,"template":"","format":"standard","meta":{"footnotes":""},"categories":[7],"tags":[],"tmauthors":[136],"class_list":["post-242967","post","type-post","status-publish","format-standard","has-post-thumbnail","category-sports"],"_links":{"self":[{"href":"https:\/\/radiostargjilan.com\/web\/wp-json\/wp\/v2\/posts\/242967","targetHints":{"allow":["GET"]}}],"collection":[{"href":"https:\/\/radiostargjilan.com\/web\/wp-json\/wp\/v2\/posts"}],"about":[{"href":"https:\/\/radiostargjilan.com\/web\/wp-json\/wp\/v2\/types\/post"}],"author":[{"embeddable":true,"href":"https:\/\/radiostargjilan.com\/web\/wp-json\/wp\/v2\/users\/1"}],"replies":[{"embeddable":true,"href":"https:\/\/radiostargjilan.com\/web\/wp-json\/wp\/v2\/comments?post=242967"}],"version-history":[{"count":1,"href":"https:\/\/radiostargjilan.com\/web\/wp-json\/wp\/v2\/posts\/242967\/revisions"}],"predecessor-version":[{"id":242969,"href":"https:\/\/radiostargjilan.com\/web\/wp-json\/wp\/v2\/posts\/242967\/revisions\/242969"}],"wp:featuredmedia":[{"embeddable":true,"href":"https:\/\/radiostargjilan.com\/web\/wp-json\/wp\/v2\/media\/242968"}],"wp:attachment":[{"href":"https:\/\/radiostargjilan.com\/web\/wp-json\/wp\/v2\/media?parent=242967"}],"wp:term":[{"taxonomy":"category","embeddable":true,"href":"https:\/\/radiostargjilan.com\/web\/wp-json\/wp\/v2\/categories?post=242967"},{"taxonomy":"post_tag","embeddable":true,"href":"https:\/\/radiostargjilan.com\/web\/wp-json\/wp\/v2\/tags?post=242967"},{"taxonomy":"tmauthors","embeddable":true,"href":"https:\/\/radiostargjilan.com\/web\/wp-json\/wp\/v2\/tmauthors?post=242967"}],"curies":[{"name":"wp","href":"https:\/\/api.w.org\/{rel}","templated":true}]}}