{"id":242970,"date":"2026-09-02T20:57:45","date_gmt":"2026-09-02T18:57:45","guid":{"rendered":"https:\/\/radiostargjilan.com\/web\/?p=242970"},"modified":"2026-09-02T20:57:45","modified_gmt":"2026-09-02T18:57:45","slug":"shikkaku-i-merr-medaljen-fortesa-orana-diskualifikohet-ne-taranto-2026-ishte-vetem-nje-hap-larg-medaljes","status":"publish","type":"post","link":"https:\/\/radiostargjilan.com\/web\/shikkaku-i-merr-medaljen-fortesa-orana-diskualifikohet-ne-taranto-2026-ishte-vetem-nje-hap-larg-medaljes\/","title":{"rendered":"\u201cSHIKKAKU\u201d I MERR MEDALJEN! &#8211; Fortesa Orana diskualifikohet n\u00eb Taranto 2026, ishte vet\u00ebm nj\u00eb hap larg medaljes!"},"content":{"rendered":"<p>Nuk ka medalje tjera p\u00ebr ekipin ton\u00eb nga karate. Fortesa Orana q\u00eb ishte pran\u00eb medaljes, duke u kualifikuar n\u00eb gjysm\u00ebfinale, u diskualifikua nga gara.<\/p>\n<p>Gjyqtar\u00ebt vendos\u00ebn ta d\u00ebnojn\u00eb me \u201cshikkaku\u201d, q\u00eb n\u00eb karate njihet si thyerje e rregullave teknike. Fatkeq\u00ebsisht, shkaku i k\u00ebtij d\u00ebnimi, ajo nuk mund t\u00eb garoj\u00eb as p\u00ebr medaljen e bronzt\u00eb!<\/p>\n<p>Fati nuk ishte me t\u00eb, kur e kishte medaljen shum\u00eb pran\u00eb.<\/p>\n<p>Me Fortes\u00ebn mbyllen garat e karateist\u00ebve tan\u00eb n\u00eb LM Taranto 2026.<\/p>\n<p>Bilanci i karateist\u00ebve, medalja e art\u00eb e Islam Selmanit.<\/p>\n","protected":false},"excerpt":{"rendered":"<p>Nuk ka medalje tjera p\u00ebr ekipin ton\u00eb nga karate. Fortesa Orana q\u00eb ishte pran\u00eb medaljes, duke u kualifikuar n\u00eb gjysm\u00ebfinale, u diskualifikua nga gara. Gjyqtar\u00ebt vendos\u00ebn ta d\u00ebnojn\u00eb me \u201cshikkaku\u201d, q\u00eb n\u00eb karate njihet si thyerje e rregullave teknike. Fatkeq\u00ebsisht, shkaku i k\u00ebtij d\u00ebnimi, ajo nuk mund t\u00eb garoj\u00eb as p\u00ebr medaljen e bronzt\u00eb! Fati [&hellip;]<\/p>\n","protected":false},"author":1,"featured_media":242971,"comment_status":"closed","ping_status":"closed","sticky":false,"template":"","format":"standard","meta":{"footnotes":""},"categories":[7],"tags":[],"tmauthors":[136],"class_list":["post-242970","post","type-post","status-publish","format-standard","has-post-thumbnail","category-sports"],"_links":{"self":[{"href":"https:\/\/radiostargjilan.com\/web\/wp-json\/wp\/v2\/posts\/242970","targetHints":{"allow":["GET"]}}],"collection":[{"href":"https:\/\/radiostargjilan.com\/web\/wp-json\/wp\/v2\/posts"}],"about":[{"href":"https:\/\/radiostargjilan.com\/web\/wp-json\/wp\/v2\/types\/post"}],"author":[{"embeddable":true,"href":"https:\/\/radiostargjilan.com\/web\/wp-json\/wp\/v2\/users\/1"}],"replies":[{"embeddable":true,"href":"https:\/\/radiostargjilan.com\/web\/wp-json\/wp\/v2\/comments?post=242970"}],"version-history":[{"count":1,"href":"https:\/\/radiostargjilan.com\/web\/wp-json\/wp\/v2\/posts\/242970\/revisions"}],"predecessor-version":[{"id":242972,"href":"https:\/\/radiostargjilan.com\/web\/wp-json\/wp\/v2\/posts\/242970\/revisions\/242972"}],"wp:featuredmedia":[{"embeddable":true,"href":"https:\/\/radiostargjilan.com\/web\/wp-json\/wp\/v2\/media\/242971"}],"wp:attachment":[{"href":"https:\/\/radiostargjilan.com\/web\/wp-json\/wp\/v2\/media?parent=242970"}],"wp:term":[{"taxonomy":"category","embeddable":true,"href":"https:\/\/radiostargjilan.com\/web\/wp-json\/wp\/v2\/categories?post=242970"},{"taxonomy":"post_tag","embeddable":true,"href":"https:\/\/radiostargjilan.com\/web\/wp-json\/wp\/v2\/tags?post=242970"},{"taxonomy":"tmauthors","embeddable":true,"href":"https:\/\/radiostargjilan.com\/web\/wp-json\/wp\/v2\/tmauthors?post=242970"}],"curies":[{"name":"wp","href":"https:\/\/api.w.org\/{rel}","templated":true}]}}