{"id":242975,"date":"2026-09-02T22:11:08","date_gmt":"2026-09-02T20:11:08","guid":{"rendered":"https:\/\/radiostargjilan.com\/web\/?p=242975"},"modified":"2026-09-02T22:11:08","modified_gmt":"2026-09-02T20:11:08","slug":"isa-mustafa-gjashte-deputetet-e-ldk-se-mbajten-qendrim-dinjitoz-e-te-drejte-su-bene-pjese-e-veprimeve-qe-nenshtrojne-partine","status":"publish","type":"post","link":"https:\/\/radiostargjilan.com\/web\/isa-mustafa-gjashte-deputetet-e-ldk-se-mbajten-qendrim-dinjitoz-e-te-drejte-su-bene-pjese-e-veprimeve-qe-nenshtrojne-partine\/","title":{"rendered":"Isa Mustafa: Gjasht\u00eb deputet\u00ebt e LDK-s\u00eb mbajt\u00ebn q\u00ebndrim dinjitoz e t\u00eb drejt\u00eb, s\u2019u b\u00ebn\u00eb pjes\u00eb e veprimeve q\u00eb n\u00ebnshtrojn\u00eb partin\u00eb"},"content":{"rendered":"<p>Ish-kryetari i Lidhjes Demokratike t\u00eb Kosov\u00ebs (LDK), Isa Mustafa, ka th\u00ebn\u00eb p\u00ebr Gazet\u00ebn Express se q\u00ebndrimi i gjasht\u00eb deputet\u00ebve t\u00eb LDK-s\u00eb p\u00ebr t\u00eb mos votuar Bekim Sejdiun \u00ebpr President \u00ebsht\u00eb q\u00ebndrim i drejt\u00eb, legjitim dhe dinjitoz.<\/p>\n<p>Mustafa ka th\u00ebn\u00eb se kjo nuk lidhet me nj\u00eb em\u00ebr t\u00eb p\u00ebrve\u00e7\u00ebm, por me parimin q\u00eb LDK-ja mos t\u00eb b\u00ebhet pjes\u00eb e marr\u00ebveshjeve jasht\u00ebkushtetuese.<\/p>\n<p>\u201cQ\u00ebndrimin e gjasht\u00eb deputet\u00ebve t\u00eb LDK-s\u00eb e konsideroj t\u00eb drejt\u00eb, legjitim dhe dinjitoz. K\u00ebt\u00eb q\u00ebndrim nuk e shoh n\u00eb relacion me nj\u00eb em\u00ebr  t\u00eb ve\u00e7ant\u00eb p\u00ebr president, por me parimin q\u00eb t\u00eb mos b\u00ebhen pjes\u00eb e marr\u00ebveshjes dhe veprimeve jasht\u00ebkushtetuese. Veprimeve q\u00eb e n\u00ebnshtrojn\u00eb LDK-n\u00eb dhe e b\u00ebjn\u00eb p\u00ebrgjegj\u00ebse p\u00ebr nj\u00eb proces i cili \u00ebsht\u00eb n\u00eb p\u00ebrgjegj\u00ebsi t\u00eb partis\u00eb e cila ka dal\u00eb e para n\u00eb zgjedhje\u201d, ka th\u00ebn\u00eb Mustafa.<\/p>\n<p>Tutje, Mustafa ka folur edhe p\u00ebr votimin e Presidentit, ku tha se kjo \u00e7\u00ebshtje iu takon edhe subjekteve t\u00eb tjera politike, pos VV-s\u00eb dhe LDK-s\u00eb.<\/p>\n<p>Ai ka shtuar se deputet\u00eb rnuk mund t\u00eb detyrohen q\u00eb t\u00eb votojn\u00eb sipas q\u00ebndrimeve t\u00eb forumeve t\u00eb em\u00ebruara nga nj\u00eb individ.<\/p>\n<p>\u201cProlongimi i konstituimit t\u00eb Kuvendit p\u00ebrtej koh\u00ebs s\u00eb p\u00ebrcaktuar me aktgjykim t\u00eb Gjykat\u00ebs  Kushtetuese s\u2019mund t\u00eb p\u00ebrdoret si alibi p\u00ebr gjetjen e nj\u00eb figure konsesuale p\u00ebr President. Konesusi, edhe pse nuk \u00ebsht\u00eb kategori q\u00eb e p\u00ebrcakton  Kushtetuta do t\u00eb vlente n\u00ebse \u00ebsht\u00eb vler\u00eb q\u00eb p\u00ebrfaq\u00ebson jo vet\u00ebm VV-n\u00eb e LDK-n\u00eb por edhe PDK-n\u00eb, AAK-n\u00eb dhe deputet\u00ebt e subjekteve jos\u00ebrbe. S\u00eb pari do duhej t\u00eb ekzistoj\u00eb pajtueshm\u00ebri br\u00ebnda \u00e7do subjekti politik dhe pastaj nd\u00ebrmjet subjekteve. Por \u00e7do pajtimi do duhej ti paraprij\u00eb konstituimi i Kuvendit. Nd\u00ebrkaq n\u00eb qoft\u00eb se mendon dikush t\u2019i detyroj\u00eb deputet\u00ebt t\u00eb votojn\u00eb sipas q\u00ebndrimeve t\u00eb forumeve t\u00eb em\u00ebruara nga nj\u00eb individ at\u00ebher\u00eb b\u00ebhet fjal\u00eb p\u00ebr munges\u00eb elementare t\u00eb njohjes s\u00eb Kushtetut\u00ebs, t\u00eb demokracis\u00eb s\u00eb brendshme dhe frym\u00ebs s\u00eb Statutit t\u00eb LDK-s\u00eb\u201d, ka th\u00ebn\u00eb Mustafa.<\/p>\n<p>T\u00eb mart\u00ebn \u00ebsht\u00eb mbajtur mbledhja e Grupit Parlamentar t\u00eb LDK-s\u00eb, ku Avdullah Hoti, Hykmete Bajrami, Kujtim Shala, Armend Zemaj, Arben Gashi dhe Janina Ymeri, theksuan se nuk e votojn\u00eb Bekim Sejdiun p\u00ebr President.<\/p>\n<p>Bajrami dhe Ymeri theksuan se nuk duan t\u2019ia zgjasin jet\u00ebn pushtetit t\u00eb Albin Kurtit, nd\u00ebrsa kryetari i LDK-s\u00eb Lumir Abdixhiku e konsideroi k\u00ebt\u00eb zhvillim si \u201chap drejt shkuarjes n\u00eb zgjedhje\u201d. <\/p>\n","protected":false},"excerpt":{"rendered":"<p>Ish-kryetari i Lidhjes Demokratike t\u00eb Kosov\u00ebs (LDK), Isa Mustafa, ka th\u00ebn\u00eb p\u00ebr Gazet\u00ebn Express se q\u00ebndrimi i gjasht\u00eb deputet\u00ebve t\u00eb LDK-s\u00eb p\u00ebr t\u00eb mos votuar Bekim Sejdiun \u00ebpr President \u00ebsht\u00eb q\u00ebndrim i drejt\u00eb, legjitim dhe dinjitoz. Mustafa ka th\u00ebn\u00eb se kjo nuk lidhet me nj\u00eb em\u00ebr t\u00eb p\u00ebrve\u00e7\u00ebm, por me parimin q\u00eb LDK-ja mos t\u00eb [&hellip;]<\/p>\n","protected":false},"author":1,"featured_media":242976,"comment_status":"closed","ping_status":"closed","sticky":false,"template":"","format":"standard","meta":{"footnotes":""},"categories":[5],"tags":[],"tmauthors":[136],"class_list":["post-242975","post","type-post","status-publish","format-standard","has-post-thumbnail","category-lajme"],"_links":{"self":[{"href":"https:\/\/radiostargjilan.com\/web\/wp-json\/wp\/v2\/posts\/242975","targetHints":{"allow":["GET"]}}],"collection":[{"href":"https:\/\/radiostargjilan.com\/web\/wp-json\/wp\/v2\/posts"}],"about":[{"href":"https:\/\/radiostargjilan.com\/web\/wp-json\/wp\/v2\/types\/post"}],"author":[{"embeddable":true,"href":"https:\/\/radiostargjilan.com\/web\/wp-json\/wp\/v2\/users\/1"}],"replies":[{"embeddable":true,"href":"https:\/\/radiostargjilan.com\/web\/wp-json\/wp\/v2\/comments?post=242975"}],"version-history":[{"count":1,"href":"https:\/\/radiostargjilan.com\/web\/wp-json\/wp\/v2\/posts\/242975\/revisions"}],"predecessor-version":[{"id":242977,"href":"https:\/\/radiostargjilan.com\/web\/wp-json\/wp\/v2\/posts\/242975\/revisions\/242977"}],"wp:featuredmedia":[{"embeddable":true,"href":"https:\/\/radiostargjilan.com\/web\/wp-json\/wp\/v2\/media\/242976"}],"wp:attachment":[{"href":"https:\/\/radiostargjilan.com\/web\/wp-json\/wp\/v2\/media?parent=242975"}],"wp:term":[{"taxonomy":"category","embeddable":true,"href":"https:\/\/radiostargjilan.com\/web\/wp-json\/wp\/v2\/categories?post=242975"},{"taxonomy":"post_tag","embeddable":true,"href":"https:\/\/radiostargjilan.com\/web\/wp-json\/wp\/v2\/tags?post=242975"},{"taxonomy":"tmauthors","embeddable":true,"href":"https:\/\/radiostargjilan.com\/web\/wp-json\/wp\/v2\/tmauthors?post=242975"}],"curies":[{"name":"wp","href":"https:\/\/api.w.org\/{rel}","templated":true}]}}