{"id":242980,"date":"2026-09-02T22:44:03","date_gmt":"2026-09-02T20:44:03","guid":{"rendered":"https:\/\/radiostargjilan.com\/web\/?p=242980"},"modified":"2026-09-02T22:44:03","modified_gmt":"2026-09-02T20:44:03","slug":"vdes-tiktokeri-i-njohur-laurent-krasniqi","status":"publish","type":"post","link":"https:\/\/radiostargjilan.com\/web\/vdes-tiktokeri-i-njohur-laurent-krasniqi\/","title":{"rendered":"Vdes Tiktokeri i njohur, Laurent Krasniqi"},"content":{"rendered":"<p>Nj\u00eb 29 vje\u00e7ar ka nd\u00ebrruar jet\u00eb mbr\u00ebmjen e sotme n\u00eb Klinik\u00ebn Emergjente, pasi ishte sjell\u00eb nga Sh\u00ebrbimi i Urgjenc\u00ebs Mjek\u00ebsore pa shenja jete, pas nj\u00eb aksidenti n\u00eb komunikacion.<\/p>\n<p>Sipas mjekut, Naser Syla nga Klinika Emergjente, pacienti kishte p\u00ebsuar l\u00ebndime t\u00eb r\u00ebnda si pasoj\u00eb e rr\u00ebzimit nga moto\u00e7ikleta.<\/p>\n<p>Ekipi mjek\u00ebsor ka nd\u00ebrmarr\u00eb t\u00eb gjitha masat e nevojshme t\u00eb reanimimit kardiopulmonar (RCP), por, pavar\u00ebsisht p\u00ebrpjekjeve, pacienti nuk ka arritur t\u2019u mbijetoj\u00eb plag\u00ebve t\u00eb marra.<\/p>\n<p>Nj\u00eb pacient i lindur n\u00eb vitin 1997 \u00ebsht\u00eb sjell\u00eb nga ndihma e shpejt\u00eb n\u00eb Klinik\u00ebn Emergjente, pa shenja jete, pas nj\u00eb aksidenti n\u00eb komunikacion, ku ishte rr\u00ebzuar nga moto\u00e7ikleta.<\/p>\n<p>Pavar\u00ebsisht t\u00eb gjitha masave t\u00eb reanimimit kardiopulmonar (RCP) t\u00eb nd\u00ebrmarra nga ekipi kujdestar, pacienti nuk ka arritur t\u2019u mbijetoj\u00eb plag\u00ebve t\u00eb marra dhe ka nd\u00ebrruar jet\u00eb n\u00eb ora 21:40\u2033, kla theksuar Syla p\u00ebr RTK-n\u00eb.<\/p>\n<p>Policia ende nuk ka dh\u00ebn\u00eb informacione p\u00eb k\u00ebt\u00eb aksident.<\/p>\n","protected":false},"excerpt":{"rendered":"<p>Nj\u00eb 29 vje\u00e7ar ka nd\u00ebrruar jet\u00eb mbr\u00ebmjen e sotme n\u00eb Klinik\u00ebn Emergjente, pasi ishte sjell\u00eb nga Sh\u00ebrbimi i Urgjenc\u00ebs Mjek\u00ebsore pa shenja jete, pas nj\u00eb aksidenti n\u00eb komunikacion. Sipas mjekut, Naser Syla nga Klinika Emergjente, pacienti kishte p\u00ebsuar l\u00ebndime t\u00eb r\u00ebnda si pasoj\u00eb e rr\u00ebzimit nga moto\u00e7ikleta. Ekipi mjek\u00ebsor ka nd\u00ebrmarr\u00eb t\u00eb gjitha masat e [&hellip;]<\/p>\n","protected":false},"author":1,"featured_media":242981,"comment_status":"closed","ping_status":"closed","sticky":false,"template":"","format":"standard","meta":{"footnotes":""},"categories":[5],"tags":[],"tmauthors":[136],"class_list":["post-242980","post","type-post","status-publish","format-standard","has-post-thumbnail","category-lajme"],"_links":{"self":[{"href":"https:\/\/radiostargjilan.com\/web\/wp-json\/wp\/v2\/posts\/242980","targetHints":{"allow":["GET"]}}],"collection":[{"href":"https:\/\/radiostargjilan.com\/web\/wp-json\/wp\/v2\/posts"}],"about":[{"href":"https:\/\/radiostargjilan.com\/web\/wp-json\/wp\/v2\/types\/post"}],"author":[{"embeddable":true,"href":"https:\/\/radiostargjilan.com\/web\/wp-json\/wp\/v2\/users\/1"}],"replies":[{"embeddable":true,"href":"https:\/\/radiostargjilan.com\/web\/wp-json\/wp\/v2\/comments?post=242980"}],"version-history":[{"count":1,"href":"https:\/\/radiostargjilan.com\/web\/wp-json\/wp\/v2\/posts\/242980\/revisions"}],"predecessor-version":[{"id":242982,"href":"https:\/\/radiostargjilan.com\/web\/wp-json\/wp\/v2\/posts\/242980\/revisions\/242982"}],"wp:featuredmedia":[{"embeddable":true,"href":"https:\/\/radiostargjilan.com\/web\/wp-json\/wp\/v2\/media\/242981"}],"wp:attachment":[{"href":"https:\/\/radiostargjilan.com\/web\/wp-json\/wp\/v2\/media?parent=242980"}],"wp:term":[{"taxonomy":"category","embeddable":true,"href":"https:\/\/radiostargjilan.com\/web\/wp-json\/wp\/v2\/categories?post=242980"},{"taxonomy":"post_tag","embeddable":true,"href":"https:\/\/radiostargjilan.com\/web\/wp-json\/wp\/v2\/tags?post=242980"},{"taxonomy":"tmauthors","embeddable":true,"href":"https:\/\/radiostargjilan.com\/web\/wp-json\/wp\/v2\/tmauthors?post=242980"}],"curies":[{"name":"wp","href":"https:\/\/api.w.org\/{rel}","templated":true}]}}