{"id":242985,"date":"2026-09-03T07:06:20","date_gmt":"2026-09-03T05:06:20","guid":{"rendered":"https:\/\/radiostargjilan.com\/web\/?p=242985"},"modified":"2026-09-03T07:06:20","modified_gmt":"2026-09-03T05:06:20","slug":"pdk-vazhdon-me-aksionin-para-qeverise-deputetet-mblidhen-ne-kuvend","status":"publish","type":"post","link":"https:\/\/radiostargjilan.com\/web\/pdk-vazhdon-me-aksionin-para-qeverise-deputetet-mblidhen-ne-kuvend\/","title":{"rendered":"PDK vazhdon me aksionin para Qeveris\u00eb, deputet\u00ebt mblidhen n\u00eb Kuvend"},"content":{"rendered":"<p>Partia Demokratike e Kosov\u00ebs do t\u00eb vazhdoj\u00eb edhe sot me aksionin para objektit t\u00eb Qeveris\u00eb s\u00eb Kosov\u00ebs.<\/p>\n<p>Aktiviteti \u00ebsht\u00eb paralajm\u00ebruar t\u00eb nis\u00eb n\u00eb ora 07:30.<\/p>\n<p>Nd\u00ebrkaq, n\u00eb ora 11:00, deputet\u00ebt e PDK-s\u00eb do t\u00eb jen\u00eb t\u00eb pranish\u00ebm n\u00eb sall\u00ebn e Kuvendit t\u00eb Kosov\u00ebs n\u00eb Prishtin\u00eb.<\/p>\n","protected":false},"excerpt":{"rendered":"<p>Partia Demokratike e Kosov\u00ebs do t\u00eb vazhdoj\u00eb edhe sot me aksionin para objektit t\u00eb Qeveris\u00eb s\u00eb Kosov\u00ebs. Aktiviteti \u00ebsht\u00eb paralajm\u00ebruar t\u00eb nis\u00eb n\u00eb ora 07:30. Nd\u00ebrkaq, n\u00eb ora 11:00, deputet\u00ebt e PDK-s\u00eb do t\u00eb jen\u00eb t\u00eb pranish\u00ebm n\u00eb sall\u00ebn e Kuvendit t\u00eb Kosov\u00ebs n\u00eb Prishtin\u00eb.<\/p>\n","protected":false},"author":1,"featured_media":242986,"comment_status":"closed","ping_status":"closed","sticky":false,"template":"","format":"standard","meta":{"footnotes":""},"categories":[5],"tags":[],"tmauthors":[136],"class_list":["post-242985","post","type-post","status-publish","format-standard","has-post-thumbnail","category-lajme"],"_links":{"self":[{"href":"https:\/\/radiostargjilan.com\/web\/wp-json\/wp\/v2\/posts\/242985","targetHints":{"allow":["GET"]}}],"collection":[{"href":"https:\/\/radiostargjilan.com\/web\/wp-json\/wp\/v2\/posts"}],"about":[{"href":"https:\/\/radiostargjilan.com\/web\/wp-json\/wp\/v2\/types\/post"}],"author":[{"embeddable":true,"href":"https:\/\/radiostargjilan.com\/web\/wp-json\/wp\/v2\/users\/1"}],"replies":[{"embeddable":true,"href":"https:\/\/radiostargjilan.com\/web\/wp-json\/wp\/v2\/comments?post=242985"}],"version-history":[{"count":1,"href":"https:\/\/radiostargjilan.com\/web\/wp-json\/wp\/v2\/posts\/242985\/revisions"}],"predecessor-version":[{"id":242987,"href":"https:\/\/radiostargjilan.com\/web\/wp-json\/wp\/v2\/posts\/242985\/revisions\/242987"}],"wp:featuredmedia":[{"embeddable":true,"href":"https:\/\/radiostargjilan.com\/web\/wp-json\/wp\/v2\/media\/242986"}],"wp:attachment":[{"href":"https:\/\/radiostargjilan.com\/web\/wp-json\/wp\/v2\/media?parent=242985"}],"wp:term":[{"taxonomy":"category","embeddable":true,"href":"https:\/\/radiostargjilan.com\/web\/wp-json\/wp\/v2\/categories?post=242985"},{"taxonomy":"post_tag","embeddable":true,"href":"https:\/\/radiostargjilan.com\/web\/wp-json\/wp\/v2\/tags?post=242985"},{"taxonomy":"tmauthors","embeddable":true,"href":"https:\/\/radiostargjilan.com\/web\/wp-json\/wp\/v2\/tmauthors?post=242985"}],"curies":[{"name":"wp","href":"https:\/\/api.w.org\/{rel}","templated":true}]}}