{"id":242990,"date":"2026-09-03T07:18:14","date_gmt":"2026-09-03T05:18:14","guid":{"rendered":"https:\/\/radiostargjilan.com\/web\/?p=242990"},"modified":"2026-09-03T07:18:14","modified_gmt":"2026-09-03T05:18:14","slug":"spo-muj-me-besu-ma-kpute-shpirtin-ish-banoret-e-bbvk-reagojne-me-dhimbje-pas-ndarjes-nga-jeta-te-laurentit","status":"publish","type":"post","link":"https:\/\/radiostargjilan.com\/web\/spo-muj-me-besu-ma-kpute-shpirtin-ish-banoret-e-bbvk-reagojne-me-dhimbje-pas-ndarjes-nga-jeta-te-laurentit\/","title":{"rendered":"S\u2019po muj me besu\u2019\u2019, \u2018\u2018Ma kpute shpirtin\u2019\u2019, Ish-banor\u00ebt e BBVK reagojn\u00eb me dhimbje pas ndarjes nga jeta t\u00eb Laurentit"},"content":{"rendered":"<p> gjith\u00eb opinioni publik \u00ebsht\u00eb tronditur thell\u00ebsisht nga lajmi tragjik p\u00ebr ndarjen e parakohshme nga jeta t\u00eb ish-banorit t\u00eb Big Brother VIP Kosova 3 dhe tiktokerit t\u00eb njohur, Laurent Krasniqi. Ai u nda nga jeta nat\u00ebn e sotme si pasoj\u00eb e nj\u00eb aksidenti t\u00eb r\u00ebnd\u00eb me motor, duke l\u00ebn\u00eb n\u00eb pik\u00ebllim t\u00eb madh familjar\u00ebt, miqt\u00eb dhe gjith\u00eb publikun q\u00eb e ndiqte.<\/p>\n<p>Laurenti g\u00ebzonte nj\u00eb dashuri dhe popullaritet t\u00eb madh n\u00eb rrjetet sociale, nd\u00ebrsa eksperienca e tij n\u00eb sht\u00ebpin\u00eb m\u00eb t\u00eb famshme n\u00eb Kosov\u00eb e b\u00ebri at\u00eb edhe m\u00eb t\u00eb af\u00ebrt p\u00ebr publikun shqiptar. Natyra e tij e \u00e7ilt\u00ebr, pozitiviteti dhe af\u00ebrsia q\u00eb tregonte me njer\u00ebzit do t\u00eb mbeten gjat\u00eb n\u00eb kujtes\u00ebn e t\u00eb gjith\u00ebve.<\/p>\n<p>Lajmi i hidhur ka prekur ve\u00e7an\u00ebrisht ish-banor\u00ebt e BBVK, t\u00eb cil\u00ebt kan\u00eb shprehur tronditjen dhe dhimbjen e tyre p\u00ebrmes mesazheve prek\u00ebse n\u00eb rrjetet sociale:<\/p>\n<p>Edi (Eduart Ku\u00e7i) ka ndar\u00eb nj\u00eb fotografi t\u00eb Laurentit n\u00eb Instastory, ku ka shkruar me zem\u00ebr t\u00eb thyer: \u201cJam pa fjal\u00eb, shoku jem ishallah n\u00eb xhenet.\u201d<\/p>\n<p>Iliriana Sadriu ka reaguar e tronditur pas lajmit mortor duke shkruar: \u201cS\u2019po muj me besu \ud83d\ude2d Allahu e m\u00ebshiroft\u00eb e ngush\u00ebllime gjith\u00eb familjes \ud83d\ude2d\ud83e\udd32\ud83c\udffb\u201d<\/p>\n<p>Xheneta Fetahu i ka kushtuar nj\u00eb dedikim shum\u00eb emotiv: \u201cMe dhimbje t\u00eb madhe n\u00eb zem\u00ebr po i shpreh ngush\u00ebllimet m\u00eb t\u00eb sinqerta familjes s\u00eb shokut tim, Laurentit. Laurent, largimi yt m\u00eb ka prekur thell\u00eb\u2026 Un\u00eb nuk kam me t\u2019i harruar kurr\u00eb t\u00eb mirat q\u00eb m\u2019i ke b\u00ebr\u00eb, sidomos n\u00eb dit\u00ebn time m\u00eb t\u00eb keqe\u2026\u201d<\/p>\n<p>Gresa Gashi po ashtu ka reaguar menj\u00ebher\u00eb duke shprehur dhimbjen e saj: \u201cM\u2019a kpute shpirtin o Laurent.\u201d<\/p>\n","protected":false},"excerpt":{"rendered":"<p>gjith\u00eb opinioni publik \u00ebsht\u00eb tronditur thell\u00ebsisht nga lajmi tragjik p\u00ebr ndarjen e parakohshme nga jeta t\u00eb ish-banorit t\u00eb Big Brother VIP Kosova 3 dhe tiktokerit t\u00eb njohur, Laurent Krasniqi. Ai u nda nga jeta nat\u00ebn e sotme si pasoj\u00eb e nj\u00eb aksidenti t\u00eb r\u00ebnd\u00eb me motor, duke l\u00ebn\u00eb n\u00eb pik\u00ebllim t\u00eb madh familjar\u00ebt, miqt\u00eb dhe [&hellip;]<\/p>\n","protected":false},"author":1,"featured_media":242991,"comment_status":"closed","ping_status":"closed","sticky":false,"template":"","format":"standard","meta":{"footnotes":""},"categories":[5],"tags":[],"tmauthors":[136],"class_list":["post-242990","post","type-post","status-publish","format-standard","has-post-thumbnail","category-lajme"],"_links":{"self":[{"href":"https:\/\/radiostargjilan.com\/web\/wp-json\/wp\/v2\/posts\/242990","targetHints":{"allow":["GET"]}}],"collection":[{"href":"https:\/\/radiostargjilan.com\/web\/wp-json\/wp\/v2\/posts"}],"about":[{"href":"https:\/\/radiostargjilan.com\/web\/wp-json\/wp\/v2\/types\/post"}],"author":[{"embeddable":true,"href":"https:\/\/radiostargjilan.com\/web\/wp-json\/wp\/v2\/users\/1"}],"replies":[{"embeddable":true,"href":"https:\/\/radiostargjilan.com\/web\/wp-json\/wp\/v2\/comments?post=242990"}],"version-history":[{"count":1,"href":"https:\/\/radiostargjilan.com\/web\/wp-json\/wp\/v2\/posts\/242990\/revisions"}],"predecessor-version":[{"id":242992,"href":"https:\/\/radiostargjilan.com\/web\/wp-json\/wp\/v2\/posts\/242990\/revisions\/242992"}],"wp:featuredmedia":[{"embeddable":true,"href":"https:\/\/radiostargjilan.com\/web\/wp-json\/wp\/v2\/media\/242991"}],"wp:attachment":[{"href":"https:\/\/radiostargjilan.com\/web\/wp-json\/wp\/v2\/media?parent=242990"}],"wp:term":[{"taxonomy":"category","embeddable":true,"href":"https:\/\/radiostargjilan.com\/web\/wp-json\/wp\/v2\/categories?post=242990"},{"taxonomy":"post_tag","embeddable":true,"href":"https:\/\/radiostargjilan.com\/web\/wp-json\/wp\/v2\/tags?post=242990"},{"taxonomy":"tmauthors","embeddable":true,"href":"https:\/\/radiostargjilan.com\/web\/wp-json\/wp\/v2\/tmauthors?post=242990"}],"curies":[{"name":"wp","href":"https:\/\/api.w.org\/{rel}","templated":true}]}}