{"id":242994,"date":"2026-09-03T08:45:44","date_gmt":"2026-09-03T06:45:44","guid":{"rendered":"https:\/\/radiostargjilan.com\/web\/?p=242994"},"modified":"2026-09-03T08:46:24","modified_gmt":"2026-09-03T06:46:24","slug":"ishin-te-pandashem-egzon-sahiti-i-jep-lamtumiren-shokut-te-ngushte-laurent-krasniqit-ma-ke-keput-shpirtin","status":"publish","type":"post","link":"https:\/\/radiostargjilan.com\/web\/ishin-te-pandashem-egzon-sahiti-i-jep-lamtumiren-shokut-te-ngushte-laurent-krasniqit-ma-ke-keput-shpirtin\/","title":{"rendered":"Ishin t\u00eb pandash\u00ebm, Egzon Sahiti i jep lamtumir\u00ebn shokut t\u00eb ngusht\u00eb, Laurent Krasniqit: Ma ke k\u00ebput shpirtin"},"content":{"rendered":"<p>Pas lajmit tragjik p\u00ebr vdekjen e Laurent Krasniqit, ish-banorit t\u00eb \u201cBig Brother VIP Kosova\u201d, kan\u00eb nisur reagimet e miqve dhe personazheve q\u00eb e njihnin nga af\u00ebr.<\/p>\n<p>N\u00eb mesin e tyre ka reaguar edhe Egzon Sahiti, shoku i ngusht\u00eb i Laurentit, i cili p\u00ebrmes nj\u00eb postimi n\u00eb rrjetet sociale ka ndar\u00eb nj\u00eb fotografi me t\u00eb dhe nj\u00eb mesazh prek\u00ebs.<br \/>\n\u201cLal, ma ke k\u00ebput shpirtin vllau jem\u201d, ka shkruar Sahiti, duke e shoq\u00ebruar mesazhin me nj\u00eb foto t\u00eb p\u00ebrbashk\u00ebt t\u00eb tyre.<\/p>\n","protected":false},"excerpt":{"rendered":"<p>Pas lajmit tragjik p\u00ebr vdekjen e Laurent Krasniqit, ish-banorit t\u00eb \u201cBig Brother VIP Kosova\u201d, kan\u00eb nisur reagimet e miqve dhe personazheve q\u00eb e njihnin nga af\u00ebr. N\u00eb mesin e tyre ka reaguar edhe Egzon Sahiti, shoku i ngusht\u00eb i Laurentit, i cili p\u00ebrmes nj\u00eb postimi n\u00eb rrjetet sociale ka ndar\u00eb nj\u00eb fotografi me t\u00eb dhe [&hellip;]<\/p>\n","protected":false},"author":1,"featured_media":242995,"comment_status":"closed","ping_status":"closed","sticky":false,"template":"","format":"standard","meta":{"footnotes":""},"categories":[5],"tags":[],"tmauthors":[136],"class_list":["post-242994","post","type-post","status-publish","format-standard","has-post-thumbnail","category-lajme"],"_links":{"self":[{"href":"https:\/\/radiostargjilan.com\/web\/wp-json\/wp\/v2\/posts\/242994","targetHints":{"allow":["GET"]}}],"collection":[{"href":"https:\/\/radiostargjilan.com\/web\/wp-json\/wp\/v2\/posts"}],"about":[{"href":"https:\/\/radiostargjilan.com\/web\/wp-json\/wp\/v2\/types\/post"}],"author":[{"embeddable":true,"href":"https:\/\/radiostargjilan.com\/web\/wp-json\/wp\/v2\/users\/1"}],"replies":[{"embeddable":true,"href":"https:\/\/radiostargjilan.com\/web\/wp-json\/wp\/v2\/comments?post=242994"}],"version-history":[{"count":1,"href":"https:\/\/radiostargjilan.com\/web\/wp-json\/wp\/v2\/posts\/242994\/revisions"}],"predecessor-version":[{"id":242996,"href":"https:\/\/radiostargjilan.com\/web\/wp-json\/wp\/v2\/posts\/242994\/revisions\/242996"}],"wp:featuredmedia":[{"embeddable":true,"href":"https:\/\/radiostargjilan.com\/web\/wp-json\/wp\/v2\/media\/242995"}],"wp:attachment":[{"href":"https:\/\/radiostargjilan.com\/web\/wp-json\/wp\/v2\/media?parent=242994"}],"wp:term":[{"taxonomy":"category","embeddable":true,"href":"https:\/\/radiostargjilan.com\/web\/wp-json\/wp\/v2\/categories?post=242994"},{"taxonomy":"post_tag","embeddable":true,"href":"https:\/\/radiostargjilan.com\/web\/wp-json\/wp\/v2\/tags?post=242994"},{"taxonomy":"tmauthors","embeddable":true,"href":"https:\/\/radiostargjilan.com\/web\/wp-json\/wp\/v2\/tmauthors?post=242994"}],"curies":[{"name":"wp","href":"https:\/\/api.w.org\/{rel}","templated":true}]}}