{"id":242999,"date":"2026-09-03T09:56:17","date_gmt":"2026-09-03T07:56:17","guid":{"rendered":"https:\/\/radiostargjilan.com\/web\/?p=242999"},"modified":"2026-09-03T09:56:17","modified_gmt":"2026-09-03T07:56:17","slug":"arrestohet-i-dyshuari-per-kanosje-ndaj-albin-kurtit","status":"publish","type":"post","link":"https:\/\/radiostargjilan.com\/web\/arrestohet-i-dyshuari-per-kanosje-ndaj-albin-kurtit\/","title":{"rendered":"Arrestohet i dyshuari p\u00ebr kanosje ndaj Albin Kurtit"},"content":{"rendered":"<p>Policia e Kosov\u00ebs, n\u00eb koordinim me Prokurorin\u00eb Speciale t\u00eb Republik\u00ebs s\u00eb Kosov\u00ebs, ka arrestuar nj\u00eb person t\u00eb dyshuar p\u00ebr kanosje ndaj kryeministrit n\u00eb detyr\u00eb, Albin Kurtit.<\/p>\n<p>Sipas Policis\u00eb, nj\u00ebsitet policore fillimisht kan\u00eb identifikuar dhe lokalizuar vendndodhjen e t\u00eb dyshuarit, i cili dyshohet se p\u00ebrmes nj\u00eb rrjeti social ka kanosur Kurtin.<\/p>\n<p>I dyshuari, para arrestimit, dyshohet se ka kanosur edhe zyrtar\u00ebt policor\u00eb t\u00eb cil\u00ebt kan\u00eb intervenuar n\u00eb rast.<\/p>\n<p>Pas intervistimit, me vendim t\u00eb prokurorit, i dyshuari \u00ebsht\u00eb d\u00ebrguar n\u00eb mbajtje p\u00ebr 48 or\u00eb.<\/p>\n","protected":false},"excerpt":{"rendered":"<p>Policia e Kosov\u00ebs, n\u00eb koordinim me Prokurorin\u00eb Speciale t\u00eb Republik\u00ebs s\u00eb Kosov\u00ebs, ka arrestuar nj\u00eb person t\u00eb dyshuar p\u00ebr kanosje ndaj kryeministrit n\u00eb detyr\u00eb, Albin Kurtit. Sipas Policis\u00eb, nj\u00ebsitet policore fillimisht kan\u00eb identifikuar dhe lokalizuar vendndodhjen e t\u00eb dyshuarit, i cili dyshohet se p\u00ebrmes nj\u00eb rrjeti social ka kanosur Kurtin. I dyshuari, para arrestimit, dyshohet [&hellip;]<\/p>\n","protected":false},"author":1,"featured_media":242941,"comment_status":"closed","ping_status":"closed","sticky":false,"template":"","format":"standard","meta":{"footnotes":""},"categories":[5],"tags":[],"tmauthors":[136],"class_list":["post-242999","post","type-post","status-publish","format-standard","has-post-thumbnail","category-lajme"],"_links":{"self":[{"href":"https:\/\/radiostargjilan.com\/web\/wp-json\/wp\/v2\/posts\/242999","targetHints":{"allow":["GET"]}}],"collection":[{"href":"https:\/\/radiostargjilan.com\/web\/wp-json\/wp\/v2\/posts"}],"about":[{"href":"https:\/\/radiostargjilan.com\/web\/wp-json\/wp\/v2\/types\/post"}],"author":[{"embeddable":true,"href":"https:\/\/radiostargjilan.com\/web\/wp-json\/wp\/v2\/users\/1"}],"replies":[{"embeddable":true,"href":"https:\/\/radiostargjilan.com\/web\/wp-json\/wp\/v2\/comments?post=242999"}],"version-history":[{"count":1,"href":"https:\/\/radiostargjilan.com\/web\/wp-json\/wp\/v2\/posts\/242999\/revisions"}],"predecessor-version":[{"id":243000,"href":"https:\/\/radiostargjilan.com\/web\/wp-json\/wp\/v2\/posts\/242999\/revisions\/243000"}],"wp:featuredmedia":[{"embeddable":true,"href":"https:\/\/radiostargjilan.com\/web\/wp-json\/wp\/v2\/media\/242941"}],"wp:attachment":[{"href":"https:\/\/radiostargjilan.com\/web\/wp-json\/wp\/v2\/media?parent=242999"}],"wp:term":[{"taxonomy":"category","embeddable":true,"href":"https:\/\/radiostargjilan.com\/web\/wp-json\/wp\/v2\/categories?post=242999"},{"taxonomy":"post_tag","embeddable":true,"href":"https:\/\/radiostargjilan.com\/web\/wp-json\/wp\/v2\/tags?post=242999"},{"taxonomy":"tmauthors","embeddable":true,"href":"https:\/\/radiostargjilan.com\/web\/wp-json\/wp\/v2\/tmauthors?post=242999"}],"curies":[{"name":"wp","href":"https:\/\/api.w.org\/{rel}","templated":true}]}}