{"id":243001,"date":"2026-09-03T10:20:17","date_gmt":"2026-09-03T08:20:17","guid":{"rendered":"https:\/\/radiostargjilan.com\/web\/?p=243001"},"modified":"2026-09-03T10:20:17","modified_gmt":"2026-09-03T08:20:17","slug":"aksident-tragjik-vdes-i-riu-nga-vitia-aron-pira","status":"publish","type":"post","link":"https:\/\/radiostargjilan.com\/web\/aksident-tragjik-vdes-i-riu-nga-vitia-aron-pira\/","title":{"rendered":"Aksident tragjik: Vdes i riu nga Vitia, Aron Pira"},"content":{"rendered":"<p>Kryetari i Komun\u00ebs s\u00eb Vitis\u00eb, Sokol Haliti, ks shprehur ngush\u00ebllimet e tij p\u00ebr familjen Pira, pas ndarjes tragjike nga jeta t\u00eb t\u00eb riut Aron Pira, si pasoj\u00eb e nj\u00eb aksidenti.<\/p>\n<p>N\u00eb mesazhin e tij, kryetari Haliti ka theksuar se n\u00eb k\u00ebto momente t\u00eb r\u00ebnda dhimbjeje dhe pik\u00ebllimi, Komuna e Vitis\u00eb bashk\u00ebndjen me familjar\u00ebt, t\u00eb af\u00ebrmit, miqt\u00eb dhe t\u00eb gjith\u00eb ata q\u00eb e njoh\u00ebn Aronin.<\/p>\n<p>Postimi i plot\u00eb:<\/p>\n<p>E nderuara familja Pira,<\/p>\n<p>Me rastin e ndarjes nga jeta t\u00eb m\u00eb t\u00eb dashurit tuaj, Aron Pira, si pasoj\u00eb e aksidentit tragjik, n\u00eb em\u00ebr t\u00eb Komun\u00ebs s\u00eb Vitis\u00eb dhe n\u00eb emrin tim personal, ju shpreh ngush\u00ebllimet m\u00eb t\u00eb sinqerta dhe m\u00eb t\u00eb thella.<\/p>\n<p>N\u00eb k\u00ebto \u00e7aste t\u00eb r\u00ebnda dhimbjeje, pik\u00ebllimi dhe m\u00ebrzie, bashk\u00ebndjejm\u00eb me ju, familjar\u00ebt, t\u00eb af\u00ebrmit, miqt\u00eb dhe t\u00eb gjith\u00eb ata q\u00eb e njoh\u00ebn Aronin dhe ndan\u00eb momente t\u00eb jet\u00ebs me t\u00eb.<\/p>\n<p>Reload 300X250<br \/>\nHumbja e nj\u00eb t\u00eb riu n\u00eb m\u00ebnyr\u00eb kaq t\u00eb papritur \u00ebsht\u00eb nj\u00eb dhimbje e madhe p\u00ebr familjen, por edhe p\u00ebr gjith\u00eb komun\u00ebn ton\u00eb.<\/p>\n<p>Uroj q\u00eb t\u00eb gjeni forc\u00eb p\u00ebr ta p\u00ebrballuar k\u00ebt\u00eb dhimbje t\u00eb madhe, nd\u00ebrsa kujtimi p\u00ebr Aronin, p\u00ebr jet\u00ebn dhe mir\u00ebsin\u00eb e tij, t\u00eb mbetet gjithmon\u00eb i gjall\u00eb n\u00eb zemrat tuaja.<\/p>\n<p>Ngush\u00ebllime!<\/p>\n<p>Sokol Haliti<\/p>\n<p>Kryetar i Komun\u00ebs s\u00eb Vitis\u00eb<\/p>\n","protected":false},"excerpt":{"rendered":"<p>Kryetari i Komun\u00ebs s\u00eb Vitis\u00eb, Sokol Haliti, ks shprehur ngush\u00ebllimet e tij p\u00ebr familjen Pira, pas ndarjes tragjike nga jeta t\u00eb t\u00eb riut Aron Pira, si pasoj\u00eb e nj\u00eb aksidenti. N\u00eb mesazhin e tij, kryetari Haliti ka theksuar se n\u00eb k\u00ebto momente t\u00eb r\u00ebnda dhimbjeje dhe pik\u00ebllimi, Komuna e Vitis\u00eb bashk\u00ebndjen me familjar\u00ebt, t\u00eb af\u00ebrmit, [&hellip;]<\/p>\n","protected":false},"author":1,"featured_media":243002,"comment_status":"closed","ping_status":"closed","sticky":false,"template":"","format":"standard","meta":{"footnotes":""},"categories":[5],"tags":[],"tmauthors":[136],"class_list":["post-243001","post","type-post","status-publish","format-standard","has-post-thumbnail","category-lajme"],"_links":{"self":[{"href":"https:\/\/radiostargjilan.com\/web\/wp-json\/wp\/v2\/posts\/243001","targetHints":{"allow":["GET"]}}],"collection":[{"href":"https:\/\/radiostargjilan.com\/web\/wp-json\/wp\/v2\/posts"}],"about":[{"href":"https:\/\/radiostargjilan.com\/web\/wp-json\/wp\/v2\/types\/post"}],"author":[{"embeddable":true,"href":"https:\/\/radiostargjilan.com\/web\/wp-json\/wp\/v2\/users\/1"}],"replies":[{"embeddable":true,"href":"https:\/\/radiostargjilan.com\/web\/wp-json\/wp\/v2\/comments?post=243001"}],"version-history":[{"count":1,"href":"https:\/\/radiostargjilan.com\/web\/wp-json\/wp\/v2\/posts\/243001\/revisions"}],"predecessor-version":[{"id":243003,"href":"https:\/\/radiostargjilan.com\/web\/wp-json\/wp\/v2\/posts\/243001\/revisions\/243003"}],"wp:featuredmedia":[{"embeddable":true,"href":"https:\/\/radiostargjilan.com\/web\/wp-json\/wp\/v2\/media\/243002"}],"wp:attachment":[{"href":"https:\/\/radiostargjilan.com\/web\/wp-json\/wp\/v2\/media?parent=243001"}],"wp:term":[{"taxonomy":"category","embeddable":true,"href":"https:\/\/radiostargjilan.com\/web\/wp-json\/wp\/v2\/categories?post=243001"},{"taxonomy":"post_tag","embeddable":true,"href":"https:\/\/radiostargjilan.com\/web\/wp-json\/wp\/v2\/tags?post=243001"},{"taxonomy":"tmauthors","embeddable":true,"href":"https:\/\/radiostargjilan.com\/web\/wp-json\/wp\/v2\/tmauthors?post=243001"}],"curies":[{"name":"wp","href":"https:\/\/api.w.org\/{rel}","templated":true}]}}