{"id":243004,"date":"2026-09-03T11:33:59","date_gmt":"2026-09-03T09:33:59","guid":{"rendered":"https:\/\/radiostargjilan.com\/web\/?p=243004"},"modified":"2026-09-03T11:33:59","modified_gmt":"2026-09-03T09:33:59","slug":"deputetet-e-pdk-se-dhe-aleances-serish-ne-sallen-plenare","status":"publish","type":"post","link":"https:\/\/radiostargjilan.com\/web\/deputetet-e-pdk-se-dhe-aleances-serish-ne-sallen-plenare\/","title":{"rendered":"Deputet\u00ebt e PDK-s\u00eb dhe Aleanc\u00ebs, s\u00ebrish n\u00eb sall\u00ebn plenare"},"content":{"rendered":"<p>Deputet\u00ebt e Partis\u00eb Demokratike t\u00eb Kosov\u00ebs (PDK) dhe Aleanc\u00ebs p\u00ebr Ardhm\u00ebrin\u00eb e Kosov\u00ebs (AAK) jan\u00eb mbledhur s\u00ebrish n\u00eb sall\u00ebn plenare t\u00eb Kuvendit t\u00eb Kosov\u00ebs.<\/p>\n<p>Ata po k\u00ebrkojn\u00eb vijimin e seanc\u00ebs konstituive dhe p\u00ebrfundimin e procesit t\u00eb konstituimit t\u00eb Kuvendit.<\/p>\n<p>Prania e deputet\u00ebve t\u00eb PDK-s\u00eb dhe AAK-s\u00eb n\u00eb sall\u00eb vjen n\u00eb kuad\u00ebr t\u00eb p\u00ebrpjekjeve t\u00eb vazhdueshme t\u00eb opozit\u00ebs p\u00ebr t\u00eb shtyr\u00eb p\u00ebrpara procesin parlamentar, n\u00eb nj\u00eb koh\u00eb kur vendi po p\u00ebrballet me ng\u00ebr\u00e7 institucional.<\/p>\n","protected":false},"excerpt":{"rendered":"<p>Deputet\u00ebt e Partis\u00eb Demokratike t\u00eb Kosov\u00ebs (PDK) dhe Aleanc\u00ebs p\u00ebr Ardhm\u00ebrin\u00eb e Kosov\u00ebs (AAK) jan\u00eb mbledhur s\u00ebrish n\u00eb sall\u00ebn plenare t\u00eb Kuvendit t\u00eb Kosov\u00ebs. Ata po k\u00ebrkojn\u00eb vijimin e seanc\u00ebs konstituive dhe p\u00ebrfundimin e procesit t\u00eb konstituimit t\u00eb Kuvendit. Prania e deputet\u00ebve t\u00eb PDK-s\u00eb dhe AAK-s\u00eb n\u00eb sall\u00eb vjen n\u00eb kuad\u00ebr t\u00eb p\u00ebrpjekjeve t\u00eb vazhdueshme [&hellip;]<\/p>\n","protected":false},"author":1,"featured_media":243005,"comment_status":"closed","ping_status":"closed","sticky":false,"template":"","format":"standard","meta":{"footnotes":""},"categories":[5],"tags":[],"tmauthors":[136],"class_list":["post-243004","post","type-post","status-publish","format-standard","has-post-thumbnail","category-lajme"],"_links":{"self":[{"href":"https:\/\/radiostargjilan.com\/web\/wp-json\/wp\/v2\/posts\/243004","targetHints":{"allow":["GET"]}}],"collection":[{"href":"https:\/\/radiostargjilan.com\/web\/wp-json\/wp\/v2\/posts"}],"about":[{"href":"https:\/\/radiostargjilan.com\/web\/wp-json\/wp\/v2\/types\/post"}],"author":[{"embeddable":true,"href":"https:\/\/radiostargjilan.com\/web\/wp-json\/wp\/v2\/users\/1"}],"replies":[{"embeddable":true,"href":"https:\/\/radiostargjilan.com\/web\/wp-json\/wp\/v2\/comments?post=243004"}],"version-history":[{"count":1,"href":"https:\/\/radiostargjilan.com\/web\/wp-json\/wp\/v2\/posts\/243004\/revisions"}],"predecessor-version":[{"id":243006,"href":"https:\/\/radiostargjilan.com\/web\/wp-json\/wp\/v2\/posts\/243004\/revisions\/243006"}],"wp:featuredmedia":[{"embeddable":true,"href":"https:\/\/radiostargjilan.com\/web\/wp-json\/wp\/v2\/media\/243005"}],"wp:attachment":[{"href":"https:\/\/radiostargjilan.com\/web\/wp-json\/wp\/v2\/media?parent=243004"}],"wp:term":[{"taxonomy":"category","embeddable":true,"href":"https:\/\/radiostargjilan.com\/web\/wp-json\/wp\/v2\/categories?post=243004"},{"taxonomy":"post_tag","embeddable":true,"href":"https:\/\/radiostargjilan.com\/web\/wp-json\/wp\/v2\/tags?post=243004"},{"taxonomy":"tmauthors","embeddable":true,"href":"https:\/\/radiostargjilan.com\/web\/wp-json\/wp\/v2\/tmauthors?post=243004"}],"curies":[{"name":"wp","href":"https:\/\/api.w.org\/{rel}","templated":true}]}}